{"id":33714,"date":"2025-06-25T09:20:50","date_gmt":"2025-06-25T12:20:50","guid":{"rendered":"https:\/\/radionewsmisiones.ar\/site\/?p=33714"},"modified":"2025-06-25T09:21:20","modified_gmt":"2025-06-25T12:21:20","slug":"el-gobernador-delineo-con-el-banco-nacion-medidas-crediticias-para-potenciar-sectores-productivos-y-acceso-a-la-vivienda","status":"publish","type":"post","link":"https:\/\/radionewsmisiones.ar\/site\/provinciales\/el-gobernador-delineo-con-el-banco-nacion-medidas-crediticias-para-potenciar-sectores-productivos-y-acceso-a-la-vivienda\/","title":{"rendered":"El gobernador deline\u00f3 con el Banco Naci\u00f3n medidas crediticias para potenciar sectores productivos y acceso a la vivienda"},"content":{"rendered":"\n<p>En una reuni\u00f3n con autoridades del Banco Naci\u00f3n, el gobernador Hugo Passalacqua avanz\u00f3 en la renovaci\u00f3n de l\u00edneas de financiamiento y en esquemas para facilitar el acceso a cr\u00e9ditos destinados a la construcci\u00f3n de viviendas..<\/p>\n\n\n\n<figure class=\"wp-block-image size-large\"><img loading=\"lazy\" width=\"768\" height=\"1024\" src=\"https:\/\/radionewsmisiones.ar\/site\/wp-content\/uploads\/2025\/06\/WhatsApp-Image-2025-06-25-at-08.53.09-768x1024.jpeg\" alt=\"\" class=\"wp-image-33715\" srcset=\"https:\/\/radionewsmisiones.ar\/site\/wp-content\/uploads\/2025\/06\/WhatsApp-Image-2025-06-25-at-08.53.09-768x1024.jpeg 768w, https:\/\/radionewsmisiones.ar\/site\/wp-content\/uploads\/2025\/06\/WhatsApp-Image-2025-06-25-at-08.53.09-225x300.jpeg 225w, https:\/\/radionewsmisiones.ar\/site\/wp-content\/uploads\/2025\/06\/WhatsApp-Image-2025-06-25-at-08.53.09-1152x1536.jpeg 1152w, https:\/\/radionewsmisiones.ar\/site\/wp-content\/uploads\/2025\/06\/WhatsApp-Image-2025-06-25-at-08.53.09.jpeg 1200w\" sizes=\"(max-width: 768px) 100vw, 768px\" \/><\/figure>\n\n\n\n<p> En el marco de su agenda institucional en la Ciudad Aut\u00f3noma de Buenos Aires, el gobernador de Misiones, Hugo Passalacqua, acompa\u00f1ado por el ministro de Hacienda, Adolfo Safr\u00e1n, mantuvo un encuentro con Dar\u00edo Wasserman, vicepresidente del Banco Naci\u00f3n, y Rodrigo Garc\u00eda, subgerente general de la entidad, para avanzar en nuevas herramientas financieras destinadas a fortalecer el desarrollo productivo y promover el acceso a la vivienda en la provincia.<\/p>\n\n\n\n<p>Passalacqua explic\u00f3 que uno de los ejes centrales fue la renovaci\u00f3n de las l\u00edneas de cr\u00e9dito con tasa bonificada que vencen el pr\u00f3ximo 30 de junio. Estos cr\u00e9ditos est\u00e1n dirigidos a sectores estrat\u00e9gicos de la econom\u00eda provincial, como el forestal, yerbatero, tealero, maquinaria agr\u00edcola, inversi\u00f3n productiva, capital de trabajo y transformaci\u00f3n digital.<\/p>\n\n\n\n<p>Asimismo, se evalu\u00f3 un esquema conjunto entre el Gobierno provincial y el Banco Naci\u00f3n para facilitar cr\u00e9ditos destinados a la construcci\u00f3n de viviendas, en el que \u201cla Provincia aportar\u00eda los terrenos y el banco financiar\u00eda el 100 % de la obra para uso residencial\u201d, se\u00f1al\u00f3 el gobernador.<\/p>\n\n\n\n<p>En relaci\u00f3n con estas gestiones, Passalacqua destac\u00f3 que este tipo de financiamiento \u201ces una herramienta concreta para impulsar el desarrollo productivo y el acceso a la vivienda en Misiones\u201d.<\/p>\n\n\n\n<p>Al concluir, el mandatario enfatiz\u00f3 que el prop\u00f3sito de estas iniciativas es continuar impulsando el acceso a la vivienda, as\u00ed como el crecimiento de la econom\u00eda provincial: \u201cSeguimos trabajando para que puedas acceder a oportunidades que mejoren tu calidad de vida y fortalezcan nuestra econom\u00eda\u201d.<\/p>\n","protected":false},"excerpt":{"rendered":"<p>En una reuni&oacute;n con autoridades del Banco Naci&oacute;n, el gobernador Hugo Passalacqua avanz&oacute; en la renovaci&oacute;n de l&iacute;neas de financiamiento y en esquemas para facilitar el acceso a cr&eacute;ditos destinados&hellip; <\/p>\n","protected":false},"author":3,"featured_media":33715,"comment_status":"closed","ping_status":"closed","sticky":false,"template":"","format":"standard","meta":{"_monsterinsights_skip_tracking":false,"_monsterinsights_sitenote_active":false,"_monsterinsights_sitenote_note":"","_monsterinsights_sitenote_category":0},"categories":[3],"tags":[316],"aioseo_notices":[],"_links":{"self":[{"href":"https:\/\/radionewsmisiones.ar\/site\/wp-json\/wp\/v2\/posts\/33714"}],"collection":[{"href":"https:\/\/radionewsmisiones.ar\/site\/wp-json\/wp\/v2\/posts"}],"about":[{"href":"https:\/\/radionewsmisiones.ar\/site\/wp-json\/wp\/v2\/types\/post"}],"author":[{"embeddable":true,"href":"https:\/\/radionewsmisiones.ar\/site\/wp-json\/wp\/v2\/users\/3"}],"replies":[{"embeddable":true,"href":"https:\/\/radionewsmisiones.ar\/site\/wp-json\/wp\/v2\/comments?post=33714"}],"version-history":[{"count":1,"href":"https:\/\/radionewsmisiones.ar\/site\/wp-json\/wp\/v2\/posts\/33714\/revisions"}],"predecessor-version":[{"id":33716,"href":"https:\/\/radionewsmisiones.ar\/site\/wp-json\/wp\/v2\/posts\/33714\/revisions\/33716"}],"wp:featuredmedia":[{"embeddable":true,"href":"https:\/\/radionewsmisiones.ar\/site\/wp-json\/wp\/v2\/media\/33715"}],"wp:attachment":[{"href":"https:\/\/radionewsmisiones.ar\/site\/wp-json\/wp\/v2\/media?parent=33714"}],"wp:term":[{"taxonomy":"category","embeddable":true,"href":"https:\/\/radionewsmisiones.ar\/site\/wp-json\/wp\/v2\/categories?post=33714"},{"taxonomy":"post_tag","embeddable":true,"href":"https:\/\/radionewsmisiones.ar\/site\/wp-json\/wp\/v2\/tags?post=33714"}],"curies":[{"name":"wp","href":"https:\/\/api.w.org\/{rel}","templated":true}]}}