{"id":33732,"date":"2025-06-26T07:23:59","date_gmt":"2025-06-26T10:23:59","guid":{"rendered":"https:\/\/radionewsmisiones.ar\/site\/?p=33732"},"modified":"2025-06-26T07:24:03","modified_gmt":"2025-06-26T10:24:03","slug":"los-servicios-oftalmologicos-de-mirar-mejor-llegaron-a-tres-capones","status":"publish","type":"post","link":"https:\/\/radionewsmisiones.ar\/site\/provinciales\/los-servicios-oftalmologicos-de-mirar-mejor-llegaron-a-tres-capones\/","title":{"rendered":"Los servicios oftalmol\u00f3gicos de Mirar Mejor llegaron a Tres Capones"},"content":{"rendered":"\n<p>Con control de la vista, diagn\u00f3sticos y entrega de anteojos sin costo para los pacientes, este mi\u00e9rcoles se realiz\u00f3 un nuevo operativo del programa Mirar Mejor, que viaj\u00f3 hasta la comuna de Tres Capones.<\/p>\n\n\n\n<figure class=\"wp-block-image size-full\"><img loading=\"lazy\" width=\"1000\" height=\"750\" src=\"https:\/\/radionewsmisiones.ar\/site\/wp-content\/uploads\/2025\/06\/Mirar-Mejor-Tres-Capones3.jpeg\" alt=\"\" class=\"wp-image-33733\" srcset=\"https:\/\/radionewsmisiones.ar\/site\/wp-content\/uploads\/2025\/06\/Mirar-Mejor-Tres-Capones3.jpeg 1000w, https:\/\/radionewsmisiones.ar\/site\/wp-content\/uploads\/2025\/06\/Mirar-Mejor-Tres-Capones3-300x225.jpeg 300w, https:\/\/radionewsmisiones.ar\/site\/wp-content\/uploads\/2025\/06\/Mirar-Mejor-Tres-Capones3-768x576.jpeg 768w\" sizes=\"(max-width: 1000px) 100vw, 1000px\" \/><\/figure>\n\n\n\n<p>M\u00e1s de 60 vecinos de la zona accedieron a esta propuesta de Gobernaci\u00f3n y coordinado por el IPLyC, en conjunto con la Sociedad Oftalmol\u00f3gica de Misiones (SOMI).<\/p>\n\n\n\n<p>Teresa Rivas, una de las vecinas que asisti\u00f3 al operativo y se llev\u00f3 anteojos, cont\u00f3 que \u00abes la primera vez que me hago un control de la vista, que necesitaba porque sent\u00eda cansancio; salgo con anteojos que te mejoran la vista de manera inmediata\u00bb.<\/p>\n\n\n\n<p>Por su parte Leonardo Boni dijo que \u00abtrabajo todo el d\u00eda y me cuesta hacerme un tiempo para viajar a Posadas para un control de la visi\u00f3n. Este programa que vino al pueblo me ahorr\u00f3 el viaje y me brind\u00f3 una soluci\u00f3n inmediata y sin costo, porque un anteojo est\u00e1 caro\u00bb.<\/p>\n\n\n\n<p>Patricia Horczuk acot\u00f3: \u00abEstoy feliz con mis anteojos, los primeros que usar\u00e9 para volver a leer sin molestias, sin cansancio\u00bb.<\/p>\n\n\n\n<p>Mientras que Noelia Goncalvez Da Rosa explic\u00f3 que \u00abusaba anteojos, pero con el paso del tiempo ya me costaba ver bien. Gracias a este programa me llevo anteojos y tambi\u00e9n recomendaciones de c\u00f3mo cuidar mi vista, la doctora brind\u00f3 muchos consejos, destacando la importancia de una buena salud visual\u00bb.<\/p>\n\n\n\n<p>\u201cMirar Mejor no es solo atenci\u00f3n m\u00e9dica: es una herramienta de inclusi\u00f3n, una ayuda concreta que transforma la vida de miles de misioneros y misioneras\u201d, precis\u00f3 el presidente del IPLyC, H\u00e9ctor Rojas Decut.<\/p>\n\n\n\n<p>Con m\u00e1s de 2600 vecinos en 36 misiones que accedieron a esta propuesta \u00fanica en su tipo en el pa\u00eds y m\u00e1s de 2400 entregados, Mirar Mejor contin\u00faa con su recorrida por la provincia, que tiene a Florentino Ameghino como pr\u00f3ximo destino, el mi\u00e9rcoles 2.<\/p>\n","protected":false},"excerpt":{"rendered":"<p>Con control de la vista, diagn&oacute;sticos y entrega de anteojos sin costo para los pacientes, este mi&eacute;rcoles se realiz&oacute; un nuevo operativo del programa Mirar Mejor, que viaj&oacute; hasta la&hellip; <\/p>\n","protected":false},"author":3,"featured_media":33734,"comment_status":"closed","ping_status":"closed","sticky":false,"template":"","format":"standard","meta":{"_monsterinsights_skip_tracking":false,"_monsterinsights_sitenote_active":false,"_monsterinsights_sitenote_note":"","_monsterinsights_sitenote_category":0},"categories":[3],"tags":[173],"aioseo_notices":[],"_links":{"self":[{"href":"https:\/\/radionewsmisiones.ar\/site\/wp-json\/wp\/v2\/posts\/33732"}],"collection":[{"href":"https:\/\/radionewsmisiones.ar\/site\/wp-json\/wp\/v2\/posts"}],"about":[{"href":"https:\/\/radionewsmisiones.ar\/site\/wp-json\/wp\/v2\/types\/post"}],"author":[{"embeddable":true,"href":"https:\/\/radionewsmisiones.ar\/site\/wp-json\/wp\/v2\/users\/3"}],"replies":[{"embeddable":true,"href":"https:\/\/radionewsmisiones.ar\/site\/wp-json\/wp\/v2\/comments?post=33732"}],"version-history":[{"count":1,"href":"https:\/\/radionewsmisiones.ar\/site\/wp-json\/wp\/v2\/posts\/33732\/revisions"}],"predecessor-version":[{"id":33735,"href":"https:\/\/radionewsmisiones.ar\/site\/wp-json\/wp\/v2\/posts\/33732\/revisions\/33735"}],"wp:featuredmedia":[{"embeddable":true,"href":"https:\/\/radionewsmisiones.ar\/site\/wp-json\/wp\/v2\/media\/33734"}],"wp:attachment":[{"href":"https:\/\/radionewsmisiones.ar\/site\/wp-json\/wp\/v2\/media?parent=33732"}],"wp:term":[{"taxonomy":"category","embeddable":true,"href":"https:\/\/radionewsmisiones.ar\/site\/wp-json\/wp\/v2\/categories?post=33732"},{"taxonomy":"post_tag","embeddable":true,"href":"https:\/\/radionewsmisiones.ar\/site\/wp-json\/wp\/v2\/tags?post=33732"}],"curies":[{"name":"wp","href":"https:\/\/api.w.org\/{rel}","templated":true}]}}