{"id":33736,"date":"2025-06-26T07:29:00","date_gmt":"2025-06-26T10:29:00","guid":{"rendered":"https:\/\/radionewsmisiones.ar\/site\/?p=33736"},"modified":"2025-06-26T07:29:04","modified_gmt":"2025-06-26T10:29:04","slug":"el-mercado-central-sigue-ampliando-su-exitoso-programa-de-recupero-alimenticio-y-ahora-suma-productos-carnicos","status":"publish","type":"post","link":"https:\/\/radionewsmisiones.ar\/site\/provinciales\/el-mercado-central-sigue-ampliando-su-exitoso-programa-de-recupero-alimenticio-y-ahora-suma-productos-carnicos\/","title":{"rendered":"El Mercado Central sigue ampliando su exitoso programa de recupero alimenticio y ahora suma productos c\u00e1rnicos"},"content":{"rendered":"\n<p>El Mercado Central de Misiones ha anunciado un acuerdo hist\u00f3rico con un empresario local del sector c\u00e1rnico para comenzar a distribuir semanalmente combos de carne a comedores comunitarios. Esta iniciativa permitir\u00e1 entregar alrededor de 200 kg de cortes de carne, incluyendo cortes econ\u00f3micos, a los comedores que ya reciben frutas y verduras recuperadas.<\/p>\n\n\n\n<figure class=\"wp-block-image size-full\"><img loading=\"lazy\" width=\"720\" height=\"720\" src=\"https:\/\/radionewsmisiones.ar\/site\/wp-content\/uploads\/2025\/06\/WhatsApp-Image-2025-06-25-at-18.54.33.jpeg\" alt=\"\" class=\"wp-image-33737\" srcset=\"https:\/\/radionewsmisiones.ar\/site\/wp-content\/uploads\/2025\/06\/WhatsApp-Image-2025-06-25-at-18.54.33.jpeg 720w, https:\/\/radionewsmisiones.ar\/site\/wp-content\/uploads\/2025\/06\/WhatsApp-Image-2025-06-25-at-18.54.33-300x300.jpeg 300w, https:\/\/radionewsmisiones.ar\/site\/wp-content\/uploads\/2025\/06\/WhatsApp-Image-2025-06-25-at-18.54.33-150x150.jpeg 150w\" sizes=\"(max-width: 720px) 100vw, 720px\" \/><\/figure>\n\n\n\n<p>Fernando Toledo, presidente del Mercado Central, destac\u00f3 la importancia de este logro y el impacto positivo que tendr\u00e1 en la comunidad. \u00abEs un hecho hist\u00f3rico y estaremos entregando algo as\u00ed como 200 kg semanales a distintos comedores a los que ya se les entrega frutas y verduras recuperadas\u00bb, explic\u00f3 Toledo.<\/p>\n\n\n\n<p>Por su parte, Marcelo Betancur, propietario de la carnicer\u00eda del mercado, resalt\u00f3 el rol social que cumple el organismo al llevar adelante este tipo de actividades. Betancur calific\u00f3 de \u00abclave\u00bb el rol social que cumple el mercado central con este tipo de actividades.<\/p>\n\n\n\n<p>Actualmente, el central recupera unos dos mil kilos semanales de frutas y verduras que son destinados a m\u00e1s de 20 comedores de la provincia. \u00abEsto nos permite llenar cerca de 45 mil platos y con la incorporaci\u00f3n de la carne estimamos que este n\u00famero siga creciendo\u00bb, destac\u00f3 Toledo.<\/p>\n\n\n\n<p>Esta acci\u00f3n conjunta entre el sector privado y el estatal no solo tiene una mirada social, sino que tambi\u00e9n demuestra la importancia de sumar esfuerzos en tiempos econ\u00f3micos complejos para beneficiar a quienes m\u00e1s lo necesitan<\/p>\n","protected":false},"excerpt":{"rendered":"<p>El Mercado Central de Misiones ha anunciado un acuerdo hist&oacute;rico con un empresario local del sector c&aacute;rnico para comenzar a distribuir semanalmente combos de carne a comedores comunitarios. Esta iniciativa&hellip; <\/p>\n","protected":false},"author":3,"featured_media":33738,"comment_status":"closed","ping_status":"closed","sticky":false,"template":"","format":"standard","meta":{"_monsterinsights_skip_tracking":false,"_monsterinsights_sitenote_active":false,"_monsterinsights_sitenote_note":"","_monsterinsights_sitenote_category":0},"categories":[3],"tags":[676],"aioseo_notices":[],"_links":{"self":[{"href":"https:\/\/radionewsmisiones.ar\/site\/wp-json\/wp\/v2\/posts\/33736"}],"collection":[{"href":"https:\/\/radionewsmisiones.ar\/site\/wp-json\/wp\/v2\/posts"}],"about":[{"href":"https:\/\/radionewsmisiones.ar\/site\/wp-json\/wp\/v2\/types\/post"}],"author":[{"embeddable":true,"href":"https:\/\/radionewsmisiones.ar\/site\/wp-json\/wp\/v2\/users\/3"}],"replies":[{"embeddable":true,"href":"https:\/\/radionewsmisiones.ar\/site\/wp-json\/wp\/v2\/comments?post=33736"}],"version-history":[{"count":1,"href":"https:\/\/radionewsmisiones.ar\/site\/wp-json\/wp\/v2\/posts\/33736\/revisions"}],"predecessor-version":[{"id":33739,"href":"https:\/\/radionewsmisiones.ar\/site\/wp-json\/wp\/v2\/posts\/33736\/revisions\/33739"}],"wp:featuredmedia":[{"embeddable":true,"href":"https:\/\/radionewsmisiones.ar\/site\/wp-json\/wp\/v2\/media\/33738"}],"wp:attachment":[{"href":"https:\/\/radionewsmisiones.ar\/site\/wp-json\/wp\/v2\/media?parent=33736"}],"wp:term":[{"taxonomy":"category","embeddable":true,"href":"https:\/\/radionewsmisiones.ar\/site\/wp-json\/wp\/v2\/categories?post=33736"},{"taxonomy":"post_tag","embeddable":true,"href":"https:\/\/radionewsmisiones.ar\/site\/wp-json\/wp\/v2\/tags?post=33736"}],"curies":[{"name":"wp","href":"https:\/\/api.w.org\/{rel}","templated":true}]}}