{"id":33740,"date":"2025-06-26T07:31:22","date_gmt":"2025-06-26T10:31:22","guid":{"rendered":"https:\/\/radionewsmisiones.ar\/site\/?p=33740"},"modified":"2025-06-26T07:31:38","modified_gmt":"2025-06-26T10:31:38","slug":"la-camara-de-representantes-fue-sede-de-una-charla-sobre-altas-capacidades-a-cargo-de-estudiantes","status":"publish","type":"post","link":"https:\/\/radionewsmisiones.ar\/site\/provinciales\/la-camara-de-representantes-fue-sede-de-una-charla-sobre-altas-capacidades-a-cargo-de-estudiantes\/","title":{"rendered":"La C\u00e1mara de Representantes fue sede de una charla sobre altas capacidades a cargo de estudiantes"},"content":{"rendered":"\n<p><strong>En el Sal\u00f3n de las Dos Constituciones se llev\u00f3 a cabo la actividad \u201cCharla de adolescentes para adolescentes\u201d, organizada por el Instituto Horacio Quiroga con el apoyo de la Legislatura provincial. La propuesta busc\u00f3 visibilizar la tem\u00e1tica de las altas capacidades, con exposiciones a cargo de estudiantes.<\/strong><\/p>\n\n\n\n<figure class=\"wp-block-image size-large\"><img loading=\"lazy\" width=\"1024\" height=\"683\" src=\"https:\/\/radionewsmisiones.ar\/site\/wp-content\/uploads\/2025\/06\/DSC_0397-1024x683.jpg\" alt=\"\" class=\"wp-image-33741\" srcset=\"https:\/\/radionewsmisiones.ar\/site\/wp-content\/uploads\/2025\/06\/DSC_0397-1024x683.jpg 1024w, https:\/\/radionewsmisiones.ar\/site\/wp-content\/uploads\/2025\/06\/DSC_0397-300x200.jpg 300w, https:\/\/radionewsmisiones.ar\/site\/wp-content\/uploads\/2025\/06\/DSC_0397-768x512.jpg 768w, https:\/\/radionewsmisiones.ar\/site\/wp-content\/uploads\/2025\/06\/DSC_0397-1536x1024.jpg 1536w, https:\/\/radionewsmisiones.ar\/site\/wp-content\/uploads\/2025\/06\/DSC_0397.jpg 1620w\" sizes=\"(max-width: 1024px) 100vw, 1024px\" \/><\/figure>\n\n\n\n<p>La presidenta del Bloque Renovador, diputada Mabel C\u00e1ceres, dio la bienvenida en nombre del presidente de la Legislatura, Oscar Herrera Ahuad, y del vicepresidente primero, Mart\u00edn Cesino. \u201cRealizar este evento en el Sal\u00f3n de las Dos Constituciones es muy significativo, porque tenemos una ley sancionada por esta C\u00e1mara que tiene que ver con las altas capacidades\u201d, afirm\u00f3.<\/p>\n\n\n\n<p>Explic\u00f3 que esa ley \u201ccrea un programa para facilitar la detecci\u00f3n de ni\u00f1os y j\u00f3venes con altas capacidades y potenciar esos talentos\u201d, y destac\u00f3 que la inclusi\u00f3n es un eje fundamental: \u201cMuchas veces cuesta visibilizar, y es importante hacerlo, por eso esta iniciativa me parece maravillosa\u201d, manifest\u00f3.<\/p>\n\n\n\n<p>La diputada tambi\u00e9n se refiri\u00f3 a una reciente visita al Instituto Horacio Quiroga, realizada junto a la subsecretaria de Cultura, Amira Rojas: \u201cNos pareci\u00f3 maravilloso el trabajo que hacen, pudimos ver una clase de mindfulness y otras actividades que muestran lo importante que es la educaci\u00f3n emocional\u201d, dijo.<\/p>\n\n\n\n<p>\u201cTodo esto se enmarca en una educaci\u00f3n disruptiva promovida por Carlos Rovira desde su gesti\u00f3n cuando presidi\u00f3 esta C\u00e1mara, y que hoy seguimos llevando a cada rinc\u00f3n de la provincia\u201d, destac\u00f3.<\/p>\n\n\n\n<p>A su turno, la subsecretaria de Cultura, Gabriela Rojas, destac\u00f3 la importancia de visibilizar las altas capacidades, un tema del que \u201ca\u00fan se desconoce mucho\u201d. Felicit\u00f3 al Instituto Horacio Quiroga por su propuesta educativa integral: \u201cOjal\u00e1 se pueda replicar en otras partes de la provincia, porque son un ejemplo que hace al equilibrio y bienestar de los adolescentes\u201d, expres\u00f3.<\/p>\n\n\n\n<p>Durante el acto, la C\u00e1mara de Representantes entreg\u00f3 una declaraci\u00f3n de inter\u00e9s provincial al Instituto, en reconocimiento al trabajo que realiza con ni\u00f1os y j\u00f3venes con altas capacidades.<\/p>\n\n\n\n<p>La representante legal de la instituci\u00f3n, Adriana Marcuzan, explic\u00f3 los fundamentos del modelo educativo del Instituto Horacio Quiroga. Las integrantes del equipo, Dorelia Robledo y Ana Rodr\u00edguez, estuvieron a cargo de la presentaci\u00f3n del equipo profesional y de una introducci\u00f3n al marco normativo vigente, respectivamente.<\/p>\n\n\n\n<p>Luego, estudiantes de diferentes a\u00f1os ofrecieron exposiciones tem\u00e1ticas sobre mitos, realidades, emociones y desaf\u00edos vinculados a las altas capacidades. La jornada concluy\u00f3 con un n\u00famero art\u00edstico de danza-teatro interpretado por alumnos del instituto.<\/p>\n","protected":false},"excerpt":{"rendered":"<p>En el Sal&oacute;n de las Dos Constituciones se llev&oacute; a cabo la actividad &ldquo;Charla de adolescentes para adolescentes&rdquo;, organizada por el Instituto Horacio Quiroga con el apoyo de la Legislatura&hellip; <\/p>\n","protected":false},"author":3,"featured_media":33742,"comment_status":"closed","ping_status":"closed","sticky":false,"template":"","format":"standard","meta":{"_monsterinsights_skip_tracking":false,"_monsterinsights_sitenote_active":false,"_monsterinsights_sitenote_note":"","_monsterinsights_sitenote_category":0},"categories":[3],"tags":[7],"aioseo_notices":[],"_links":{"self":[{"href":"https:\/\/radionewsmisiones.ar\/site\/wp-json\/wp\/v2\/posts\/33740"}],"collection":[{"href":"https:\/\/radionewsmisiones.ar\/site\/wp-json\/wp\/v2\/posts"}],"about":[{"href":"https:\/\/radionewsmisiones.ar\/site\/wp-json\/wp\/v2\/types\/post"}],"author":[{"embeddable":true,"href":"https:\/\/radionewsmisiones.ar\/site\/wp-json\/wp\/v2\/users\/3"}],"replies":[{"embeddable":true,"href":"https:\/\/radionewsmisiones.ar\/site\/wp-json\/wp\/v2\/comments?post=33740"}],"version-history":[{"count":1,"href":"https:\/\/radionewsmisiones.ar\/site\/wp-json\/wp\/v2\/posts\/33740\/revisions"}],"predecessor-version":[{"id":33743,"href":"https:\/\/radionewsmisiones.ar\/site\/wp-json\/wp\/v2\/posts\/33740\/revisions\/33743"}],"wp:featuredmedia":[{"embeddable":true,"href":"https:\/\/radionewsmisiones.ar\/site\/wp-json\/wp\/v2\/media\/33742"}],"wp:attachment":[{"href":"https:\/\/radionewsmisiones.ar\/site\/wp-json\/wp\/v2\/media?parent=33740"}],"wp:term":[{"taxonomy":"category","embeddable":true,"href":"https:\/\/radionewsmisiones.ar\/site\/wp-json\/wp\/v2\/categories?post=33740"},{"taxonomy":"post_tag","embeddable":true,"href":"https:\/\/radionewsmisiones.ar\/site\/wp-json\/wp\/v2\/tags?post=33740"}],"curies":[{"name":"wp","href":"https:\/\/api.w.org\/{rel}","templated":true}]}}