{"id":33765,"date":"2025-06-26T09:57:31","date_gmt":"2025-06-26T12:57:31","guid":{"rendered":"https:\/\/radionewsmisiones.ar\/site\/?p=33765"},"modified":"2025-06-26T09:57:44","modified_gmt":"2025-06-26T12:57:44","slug":"red-de-concejalas-renovadoras-de-misiones-se-reunieron-en-posadas-para-fortalecer-una-agenda-de-trabajo-comun","status":"publish","type":"post","link":"https:\/\/radionewsmisiones.ar\/site\/provinciales\/red-de-concejalas-renovadoras-de-misiones-se-reunieron-en-posadas-para-fortalecer-una-agenda-de-trabajo-comun\/","title":{"rendered":"Red de Concejalas Renovadoras de Misiones se reunieron en Posadas para fortalecer una agenda de trabajo com\u00fan"},"content":{"rendered":"\n<p>Durante la jornada del martes 24 de junio, m\u00e1s de <strong>veinte concejalas de distintos municipios de la provincia<\/strong> e integrantes de <strong>la Red de Concejalas Renovadoras de Misiones<\/strong> participaron de una intensa jornada de trabajo institucional en la ciudad de Posadas, con el objetivo de profundizar una agenda com\u00fan que articule pol\u00edticas p\u00fablicas con perspectiva territorial.<\/p>\n\n\n\n<figure class=\"wp-block-image size-large\"><img loading=\"lazy\" width=\"1024\" height=\"684\" src=\"https:\/\/radionewsmisiones.ar\/site\/wp-content\/uploads\/2025\/06\/WhatsApp-Image-2025-06-25-at-12.34.49-1024x684.jpeg\" alt=\"\" class=\"wp-image-33766\" srcset=\"https:\/\/radionewsmisiones.ar\/site\/wp-content\/uploads\/2025\/06\/WhatsApp-Image-2025-06-25-at-12.34.49-1024x684.jpeg 1024w, https:\/\/radionewsmisiones.ar\/site\/wp-content\/uploads\/2025\/06\/WhatsApp-Image-2025-06-25-at-12.34.49-300x200.jpeg 300w, https:\/\/radionewsmisiones.ar\/site\/wp-content\/uploads\/2025\/06\/WhatsApp-Image-2025-06-25-at-12.34.49-768x513.jpeg 768w, https:\/\/radionewsmisiones.ar\/site\/wp-content\/uploads\/2025\/06\/WhatsApp-Image-2025-06-25-at-12.34.49-1536x1025.jpeg 1536w, https:\/\/radionewsmisiones.ar\/site\/wp-content\/uploads\/2025\/06\/WhatsApp-Image-2025-06-25-at-12.34.49.jpeg 1600w\" sizes=\"(max-width: 1024px) 100vw, 1024px\" \/><\/figure>\n\n\n\n<p>La actividad incluy\u00f3 visitas a organismos provinciales claves, en las que las ediles fueron recibidas por autoridades de alto rango, adem\u00e1s de generar espacios de di\u00e1logo e intercambio, se analizaron los resultados de las \u00faltimas elecciones y se diagramaron estrategias de gesti\u00f3n en salud, producci\u00f3n y cultura.<\/p>\n\n\n\n<p>A las 09.00 horas, el primer encuentro tuvo lugar en el <strong>Ministerio de Salud<\/strong>, donde fueron recibidas por el ministro <strong>Dr. H\u00e9ctor Gonz\u00e1lez<\/strong>, quien comparti\u00f3 detalles sobre las pol\u00edticas sanitarias actuales y escuch\u00f3 las inquietudes sobre distintas problem\u00e1ticas locales para evaluar estrategias para su abordaje integral.<\/p>\n\n\n\n<p>A las 10.30 horas, la comitiva se traslad\u00f3 al <strong>Ministerio del Agro y la Producci\u00f3n<\/strong>, donde mantuvieron una reuni\u00f3n con el ministro <strong>Lic. Facundo L\u00f3pez Sartori<\/strong> y la directora general de Econom\u00eda Agraria, <strong>Arabela Soler<\/strong>. All\u00ed se abordaron temas vinculados al desarrollo productivo local, el acompa\u00f1amiento a la agricultura familiar, el impulso de capacitaciones y las oportunidades para el sector en clave de soberan\u00eda alimentaria.<\/p>\n\n\n\n<p>A las 12.00 horas, la jornada finaliz\u00f3 en el <strong>Parque del Conocimiento<\/strong>, con una recepci\u00f3n a cargo de su presidenta, la <strong>Dra. Claudia Gauto<\/strong>, con quien compartieron una charla amena sobre cuestiones referidas a propuestas culturales, educativas y cient\u00edficas para la articulaci\u00f3n con las pol\u00edticas que la instituci\u00f3n impulsa en toda la provincia, destacando el rol del acceso al conocimiento como herramienta de transformaci\u00f3n social.<\/p>\n\n\n\n<p>Desde la Red de Concejalas Renovadoras destacaron la importancia de estos espacios de articulaci\u00f3n para seguir promoviendo una pol\u00edtica comprometida con las realidades locales y construida colectivamente desde una perspectiva de g\u00e9nero.<\/p>\n\n\n\n<p>La concejala de Posadas y la Coordinadora,<strong> Mar\u00eda Eva Jim\u00e9nez<\/strong>, destac\u00f3 como punto en com\u00fan la necesidad d ampliar y mejorar los caminos de comunicaci\u00f3n entre las necesidades y reclamos y la cantidad enorme de herramientas y soluciones que tiene el estado provincial.<\/p>\n\n\n\n<p><strong>\u00abLa pol\u00edtica que transforma se construye, primeramente, entre mujeres\u00bb<\/strong>, fue el mensaje que sintetiz\u00f3 la jornada.<\/p>\n","protected":false},"excerpt":{"rendered":"<p>Durante la jornada del martes 24 de junio, m&aacute;s de veinte concejalas de distintos municipios de la provincia e integrantes de la Red de Concejalas Renovadoras de Misiones participaron de&hellip; <\/p>\n","protected":false},"author":3,"featured_media":33767,"comment_status":"closed","ping_status":"closed","sticky":false,"template":"","format":"standard","meta":{"_monsterinsights_skip_tracking":false,"_monsterinsights_sitenote_active":false,"_monsterinsights_sitenote_note":"","_monsterinsights_sitenote_category":0},"categories":[3],"tags":[834],"aioseo_notices":[],"_links":{"self":[{"href":"https:\/\/radionewsmisiones.ar\/site\/wp-json\/wp\/v2\/posts\/33765"}],"collection":[{"href":"https:\/\/radionewsmisiones.ar\/site\/wp-json\/wp\/v2\/posts"}],"about":[{"href":"https:\/\/radionewsmisiones.ar\/site\/wp-json\/wp\/v2\/types\/post"}],"author":[{"embeddable":true,"href":"https:\/\/radionewsmisiones.ar\/site\/wp-json\/wp\/v2\/users\/3"}],"replies":[{"embeddable":true,"href":"https:\/\/radionewsmisiones.ar\/site\/wp-json\/wp\/v2\/comments?post=33765"}],"version-history":[{"count":1,"href":"https:\/\/radionewsmisiones.ar\/site\/wp-json\/wp\/v2\/posts\/33765\/revisions"}],"predecessor-version":[{"id":33768,"href":"https:\/\/radionewsmisiones.ar\/site\/wp-json\/wp\/v2\/posts\/33765\/revisions\/33768"}],"wp:featuredmedia":[{"embeddable":true,"href":"https:\/\/radionewsmisiones.ar\/site\/wp-json\/wp\/v2\/media\/33767"}],"wp:attachment":[{"href":"https:\/\/radionewsmisiones.ar\/site\/wp-json\/wp\/v2\/media?parent=33765"}],"wp:term":[{"taxonomy":"category","embeddable":true,"href":"https:\/\/radionewsmisiones.ar\/site\/wp-json\/wp\/v2\/categories?post=33765"},{"taxonomy":"post_tag","embeddable":true,"href":"https:\/\/radionewsmisiones.ar\/site\/wp-json\/wp\/v2\/tags?post=33765"}],"curies":[{"name":"wp","href":"https:\/\/api.w.org\/{rel}","templated":true}]}}