{"id":33800,"date":"2025-06-27T07:32:59","date_gmt":"2025-06-27T10:32:59","guid":{"rendered":"https:\/\/radionewsmisiones.ar\/site\/?p=33800"},"modified":"2025-06-27T07:33:04","modified_gmt":"2025-06-27T10:33:04","slug":"passalacqua-y-gobernadores-del-norte-grande-y-litoral-proponen-una-tarifa-energetica-diferenciada-para-zonas-calidas","status":"publish","type":"post","link":"https:\/\/radionewsmisiones.ar\/site\/provinciales\/passalacqua-y-gobernadores-del-norte-grande-y-litoral-proponen-una-tarifa-energetica-diferenciada-para-zonas-calidas\/","title":{"rendered":"Passalacqua y gobernadores del Norte Grande y litoral proponen una tarifa energ\u00e9tica diferenciada para zonas c\u00e1lidas"},"content":{"rendered":"\n<p>El gobernador Hugo Passalacqua particip\u00f3 en la reuni\u00f3n de gobernadores del Norte Grande, realizada en el Centro Cultural Bicentenario de Santiago del Estero. Durante el encuentro, que reuni\u00f3 a mandatarios del Litoral y del Norte argentino, se discutieron propuestas vinculadas a la distribuci\u00f3n de fondos nacionales, pol\u00edticas fiscales y una iniciativa de tarifa el\u00e9ctrica diferencial para regiones c\u00e1lidas.<\/p>\n\n\n\n<figure class=\"wp-block-image size-large\"><img loading=\"lazy\" width=\"1024\" height=\"682\" src=\"https:\/\/radionewsmisiones.ar\/site\/wp-content\/uploads\/2025\/06\/WhatsApp-Image-2025-06-26-at-15.34.56-1024x682.jpeg\" alt=\"\" class=\"wp-image-33801\" srcset=\"https:\/\/radionewsmisiones.ar\/site\/wp-content\/uploads\/2025\/06\/WhatsApp-Image-2025-06-26-at-15.34.56-1024x682.jpeg 1024w, https:\/\/radionewsmisiones.ar\/site\/wp-content\/uploads\/2025\/06\/WhatsApp-Image-2025-06-26-at-15.34.56-300x200.jpeg 300w, https:\/\/radionewsmisiones.ar\/site\/wp-content\/uploads\/2025\/06\/WhatsApp-Image-2025-06-26-at-15.34.56-768x512.jpeg 768w, https:\/\/radionewsmisiones.ar\/site\/wp-content\/uploads\/2025\/06\/WhatsApp-Image-2025-06-26-at-15.34.56-1536x1023.jpeg 1536w, https:\/\/radionewsmisiones.ar\/site\/wp-content\/uploads\/2025\/06\/WhatsApp-Image-2025-06-26-at-15.34.56.jpeg 1600w\" sizes=\"(max-width: 1024px) 100vw, 1024px\" \/><\/figure>\n\n\n\n<p> Esta ma\u00f1ana, el gobernador Hugo Passalacqua asisti\u00f3 a la reuni\u00f3n de mandatarios del Norte Grande que se llev\u00f3 a cabo en la capital de Santiago del Estero. El encuentro tuvo lugar en el Centro Cultural Bicentenario y congreg\u00f3 a jefes provinciales del Norte argentino. Durante el encuentro se discutieron tem\u00e1ticas vinculadas a una propuesta de tarifa el\u00e9ctrica diferencial para regiones c\u00e1lidas y muy c\u00e1lidas, entre las que est\u00e1 inclu\u00edda Misiones. Adem\u00e1s se debati\u00f3 acerca de la coparticipaci\u00f3n federal y el rol de las provincias en el esquema fiscal nacional. El mandatario misionero sostuvo que fue \u201cuna jornada de trabajo con mirada federal y el compromiso de siempre\u201d.<\/p>\n\n\n\n<p>La convocatoria reuni\u00f3 a los gobernadores de Santiago del Estero, Gerardo Zamora; de La Rioja, Ricardo Quintela; de Chaco, Leandro C\u00e9sar Zdero; y de Catamarca, Ra\u00fal Jalil. Adem\u00e1s, estuvieron la vicegobernadora de Entre R\u00edos, Alicia Griselda Aluani; el ministro de Gobierno y Justicia de Tucum\u00e1n, Regino Amado y la subsecretaria de Regi\u00f3n Centro de Santa Fe, Claudia Giaccone. La reuni\u00f3n se realiz\u00f3 en el marco de una agenda com\u00fan que articula intereses regionales y demandas compartidas por los distritos que conforman el Norte Grande.<\/p>\n\n\n\n<p>Durante el encuentro, los mandatarios retomaron lo debatido d\u00edas atr\u00e1s en una instancia previa, en la que hab\u00edan presentado un proyecto de ley que busca redefinir la distribuci\u00f3n de los fondos nacionales.<\/p>\n\n\n\n<p>En paralelo, se abord\u00f3 el reclamo del oficialismo nacional en torno al cumplimiento de metas fiscales por parte de las provincias, en un contexto de ajuste y cambios en el esquema de transferencias de recursos.<\/p>\n\n\n\n<p>LA PROFUNDIDAD LA ATM\u00d3SFERA FEDERALISTA<\/p>\n\n\n\n<p>El gobernador Passalacqua coment\u00f3 que el encuentro \u00abme pareci\u00f3 fant\u00e1stico porque siempre en estas reuniones se expresa, ahora con mucho m\u00e1s profundidad, la atm\u00f3sfera federalista. No es solamente declamativa, sino que estamos pasando a la acci\u00f3n\u201d. En ello, asegur\u00f3 que hace poco en una reuni\u00f3n del CFI, todos los gobernadores del Norte Grande y el Litoral trataron \u201cpuntualmente el tema energ\u00e9tico, y ver si podemos trabajar una ley en el Congreso, que se debe trabajar, una ley diferenciada para la zona del Norte Grande. Muy parecida a la que tiene la Patagonia, sin tocar impuestos, sin crear impuestos, sin quitarle nada a nadie, pero haciendo valer nuestros derechos\u00bb.<\/p>\n\n\n\n<p>En otro aspecto del encuentro , se\u00f1al\u00f3 que \u00abme pareci\u00f3 espectacular un ZOOM que arm\u00f3 el gobernador Zamora, con Port Miami, que es el puerto m\u00e1s grande de la costa este de Estados Unidos, para poder meter nuestros productos del Norte Grande. En mi caso, t\u00e9, yerba mate y madera, en otro caso ser\u00e1 aceituna, miel. Ellos est\u00e1n muy interesados a costo cero de tasa, comprar productos de Am\u00e9rica Latina, ya que quieren ser el puerto de entrada de Am\u00e9rica Latina a Estados Unidos. Vamos a tratar de aprovecharlo y se armar\u00e1 una delegaci\u00f3n en su momento para viajar\u00bb.<\/p>\n\n\n\n<p>Por \u00faltimo, el gobernador se refiri\u00f3 al proceso legislativo de las mencionadas iniciativas energ\u00e9ticas, se\u00f1alando que el \u00e1mbito democr\u00e1tico para debatirlas es el Congreso Nacional, especialmente el Senado, por su representaci\u00f3n provincial. Manifest\u00f3 que all\u00ed se llevar\u00e1 adelante una discusi\u00f3n pol\u00edtica, definida por la votaci\u00f3n en el recinto, y expres\u00f3 su esperanza en el resultado.<\/p>\n\n\n\n<p>UN PROYECTO ENERG\u00c9TICO PARA ZONAS C\u00c1LIDAS Y MUY C\u00c1LIDAS<\/p>\n\n\n\n<p>En esa l\u00ednea, los gobernadores del Norte Grande y Litoral dieron a conocer un comunicado conjunto en el que proponen una legislaci\u00f3n que permita establecer una tarifa diferencial el\u00e9ctrica para las zonas c\u00e1lidas y muy c\u00e1lidas.<\/p>\n\n\n\n<p>El proyecto busca compensar las asimetr\u00edas en el costo de la energ\u00eda el\u00e9ctrica en provincias incluidas en zonas bioambientales clasificadas como c\u00e1lidas y muy c\u00e1lidas, seg\u00fan norma IRAM 11603\/12. \u201cPlanteamos una cuesti\u00f3n de equidad e igualdad, redistribuyendo recursos, sin alterar el equilibrio fiscal ni generar nuevos impuestos, teniendo como beneficiarios a los usuarios residenciales y manteniendo la autonom\u00eda de las provincias en el resultado que pueda dar la Ley\u201d, dieron cuenta los gobernadores en el comunicado.<\/p>\n\n\n\n<p>El documento detalla que la iniciativa incluir\u00e1 a Catamarca, Chaco, Corrientes, Entre R\u00edos, Formosa, Misiones, Jujuy, La Rioja, Salta, Santiago del Estero, Tucum\u00e1n y algunos departamentos de C\u00f3rdoba y Santa Fe. Se plantea financiar la reducci\u00f3n de precios diferenciales de energ\u00eda, potencia y transporte durante los meses de diciembre a marzo. La propuesta se presentar\u00e1 pr\u00f3ximamente en el Congreso Nacional.<\/p>\n","protected":false},"excerpt":{"rendered":"<p>El gobernador Hugo Passalacqua particip&oacute; en la reuni&oacute;n de gobernadores del Norte Grande, realizada en el Centro Cultural Bicentenario de Santiago del Estero. Durante el encuentro, que reuni&oacute; a mandatarios&hellip; <\/p>\n","protected":false},"author":3,"featured_media":33802,"comment_status":"closed","ping_status":"closed","sticky":false,"template":"","format":"standard","meta":{"_monsterinsights_skip_tracking":false,"_monsterinsights_sitenote_active":false,"_monsterinsights_sitenote_note":"","_monsterinsights_sitenote_category":0},"categories":[3],"tags":[316],"aioseo_notices":[],"_links":{"self":[{"href":"https:\/\/radionewsmisiones.ar\/site\/wp-json\/wp\/v2\/posts\/33800"}],"collection":[{"href":"https:\/\/radionewsmisiones.ar\/site\/wp-json\/wp\/v2\/posts"}],"about":[{"href":"https:\/\/radionewsmisiones.ar\/site\/wp-json\/wp\/v2\/types\/post"}],"author":[{"embeddable":true,"href":"https:\/\/radionewsmisiones.ar\/site\/wp-json\/wp\/v2\/users\/3"}],"replies":[{"embeddable":true,"href":"https:\/\/radionewsmisiones.ar\/site\/wp-json\/wp\/v2\/comments?post=33800"}],"version-history":[{"count":1,"href":"https:\/\/radionewsmisiones.ar\/site\/wp-json\/wp\/v2\/posts\/33800\/revisions"}],"predecessor-version":[{"id":33803,"href":"https:\/\/radionewsmisiones.ar\/site\/wp-json\/wp\/v2\/posts\/33800\/revisions\/33803"}],"wp:featuredmedia":[{"embeddable":true,"href":"https:\/\/radionewsmisiones.ar\/site\/wp-json\/wp\/v2\/media\/33802"}],"wp:attachment":[{"href":"https:\/\/radionewsmisiones.ar\/site\/wp-json\/wp\/v2\/media?parent=33800"}],"wp:term":[{"taxonomy":"category","embeddable":true,"href":"https:\/\/radionewsmisiones.ar\/site\/wp-json\/wp\/v2\/categories?post=33800"},{"taxonomy":"post_tag","embeddable":true,"href":"https:\/\/radionewsmisiones.ar\/site\/wp-json\/wp\/v2\/tags?post=33800"}],"curies":[{"name":"wp","href":"https:\/\/api.w.org\/{rel}","templated":true}]}}