{"id":33804,"date":"2025-06-27T07:34:37","date_gmt":"2025-06-27T10:34:37","guid":{"rendered":"https:\/\/radionewsmisiones.ar\/site\/?p=33804"},"modified":"2025-06-27T07:35:30","modified_gmt":"2025-06-27T10:35:30","slug":"passalacqua-recorrio-la-smart-city-expo-world-congress-una-feria-internacional-sobre-innovacion-y-desarrollo-urbano-sostenible","status":"publish","type":"post","link":"https:\/\/radionewsmisiones.ar\/site\/provinciales\/passalacqua-recorrio-la-smart-city-expo-world-congress-una-feria-internacional-sobre-innovacion-y-desarrollo-urbano-sostenible\/","title":{"rendered":"Passalacqua recorri\u00f3 la Smart City Expo World Congress, una feria internacional sobre innovaci\u00f3n y desarrollo urbano sostenible"},"content":{"rendered":"\n<p>El gobernador Hugo Passalacqua particip\u00f3 de la Smart City Expo World Congress que se desarrolla en Santiago del Estero, una feria internacional que convoca a m\u00e1s de 250 disertantes y a referentes del \u00e1mbito p\u00fablico y privado comprometidos con el desarrollo urbano sostenible. En el stand del Norte Grande, Misiones comparti\u00f3 su experiencia como provincia referente en innovaci\u00f3n y aplicaci\u00f3n de tecnolog\u00eda al servicio de una gesti\u00f3n p\u00fablica eficiente, inclusiva y con identidad.<\/p>\n\n\n\n<figure class=\"wp-block-image size-large\"><img loading=\"lazy\" width=\"1024\" height=\"659\" src=\"https:\/\/radionewsmisiones.ar\/site\/wp-content\/uploads\/2025\/06\/WhatsApp-Image-2025-06-26-at-19.13.07-1024x659.jpeg\" alt=\"\" class=\"wp-image-33805\" srcset=\"https:\/\/radionewsmisiones.ar\/site\/wp-content\/uploads\/2025\/06\/WhatsApp-Image-2025-06-26-at-19.13.07-1024x659.jpeg 1024w, https:\/\/radionewsmisiones.ar\/site\/wp-content\/uploads\/2025\/06\/WhatsApp-Image-2025-06-26-at-19.13.07-300x193.jpeg 300w, https:\/\/radionewsmisiones.ar\/site\/wp-content\/uploads\/2025\/06\/WhatsApp-Image-2025-06-26-at-19.13.07-768x494.jpeg 768w, https:\/\/radionewsmisiones.ar\/site\/wp-content\/uploads\/2025\/06\/WhatsApp-Image-2025-06-26-at-19.13.07-1536x989.jpeg 1536w, https:\/\/radionewsmisiones.ar\/site\/wp-content\/uploads\/2025\/06\/WhatsApp-Image-2025-06-26-at-19.13.07.jpeg 1600w\" sizes=\"(max-width: 1024px) 100vw, 1024px\" \/><\/figure>\n\n\n\n<p>El gobernador de Misiones, Hugo Passalacqua, visit\u00f3 la 4\u00b0 edici\u00f3n de la Smart City Expo World Congress, que se desarrolla en la ciudad de Santiago del Estero. Este evento de proyecci\u00f3n internacional re\u00fane a referentes del \u00e1mbito p\u00fablico y privado para debatir y compartir experiencias en torno a la innovaci\u00f3n urbana, la sostenibilidad y el desarrollo de ciudades inteligentes.<\/p>\n\n\n\n<figure class=\"wp-block-embed is-type-video is-provider-youtube wp-block-embed-youtube wp-embed-aspect-16-9 wp-has-aspect-ratio\"><div class=\"wp-block-embed__wrapper\">\n<iframe loading=\"lazy\" title=\"Passalacqua particip\u00f3 en la reuni\u00f3n de gobernadores del Norte Grande, en Santiago del Estero\" width=\"1110\" height=\"624\" src=\"https:\/\/www.youtube.com\/embed\/hG7MakpMKqA?feature=oembed\" frameborder=\"0\" allow=\"accelerometer; autoplay; clipboard-write; encrypted-media; gyroscope; picture-in-picture; web-share\" referrerpolicy=\"strict-origin-when-cross-origin\" allowfullscreen><\/iframe>\n<\/div><\/figure>\n\n\n\n<p>Tras participar de la reuni\u00f3n de gobernadores del Norte Grande y del Litoral, el mandatario provincial recorri\u00f3 el predio del F\u00f3rum, donde se lleva adelante esta feria internacional con eje en ciudades inteligentes. Durante su visita, Passalacqua se detuvo en el stand del Norte Grande, donde Misiones expuso su modelo de desarrollo basado en tecnolog\u00eda, inclusi\u00f3n y gesti\u00f3n p\u00fablica eficiente.<\/p>\n\n\n\n<p>La provincia present\u00f3 contenidos audiovisuales y gr\u00e1ficos que reflejan sus principales pol\u00edticas en materia de ciudades inteligentes. Entre las iniciativas destacadas se encuentran el sistema de monitoreo 24\/7 en seguridad, la educaci\u00f3n conectada a trav\u00e9s de internet satelital Starlink en escuelas rurales, la implementaci\u00f3n de salud digital con receta electr\u00f3nica y hospital virtual, la promoci\u00f3n de energ\u00edas limpias mediante nuevos parques solares y el desarrollo de una cultura digital con plataformas como A.M.A. Estas acciones reflejan una estrategia integral impulsada por un Gobierno con visi\u00f3n de Estado suficiente, orientada a reducir brechas, garantizar derechos y proyectar un futuro inclusivo y sostenible.<\/p>\n\n\n\n<p>Con presencia activa en este espacio, Misiones reafirma su liderazgo regional como la provincia m\u00e1s inteligente del NEA, con un modelo propio que integra innovaci\u00f3n, sostenibilidad y una fuerte identidad territorial.<\/p>\n\n\n\n<p>UNA FERIA QUE RE\u00daNE A M\u00c1S DE 200 ORADORES DE TODO EL MUNDO<\/p>\n\n\n\n<p>Con una agenda colmada de paneles, disertaciones y actividades, la Smart City Expo 2025 se desarrolla hasta el 26 de junio bajo el lema \u201cNuevas oportunidades para comunidades que innovan\u201d. El evento re\u00fane a 250 oradores internacionales y est\u00e1 organizado por el Gobierno de Santiago del Estero en conjunto con FIRA Barcelona International y el Smart City Expo World Congress, consolid\u00e1ndose como un punto de encuentro federal, global e interjurisdiccional.<\/p>\n\n\n\n<p>Los principales ejes tem\u00e1ticos de esta edici\u00f3n giran en torno al desarrollo productivo, talento e innovaci\u00f3n; gobiernos inteligentes y servicios eficientes; y calidad de vida y espacio p\u00fablico. Adem\u00e1s, se presentan soluciones concretas vinculadas a la movilidad sustentable, la inteligencia artificial aplicada a la gesti\u00f3n p\u00fablica, la planificaci\u00f3n urbana inclusiva y los desaf\u00edos del gobierno digital.<\/p>\n","protected":false},"excerpt":{"rendered":"<p>El gobernador Hugo Passalacqua particip&oacute; de la Smart City Expo World Congress que se desarrolla en Santiago del Estero, una feria internacional que convoca a m&aacute;s de 250 disertantes y&hellip; <\/p>\n","protected":false},"author":3,"featured_media":33806,"comment_status":"closed","ping_status":"closed","sticky":false,"template":"","format":"standard","meta":{"_monsterinsights_skip_tracking":false,"_monsterinsights_sitenote_active":false,"_monsterinsights_sitenote_note":"","_monsterinsights_sitenote_category":0},"categories":[3],"tags":[316],"aioseo_notices":[],"_links":{"self":[{"href":"https:\/\/radionewsmisiones.ar\/site\/wp-json\/wp\/v2\/posts\/33804"}],"collection":[{"href":"https:\/\/radionewsmisiones.ar\/site\/wp-json\/wp\/v2\/posts"}],"about":[{"href":"https:\/\/radionewsmisiones.ar\/site\/wp-json\/wp\/v2\/types\/post"}],"author":[{"embeddable":true,"href":"https:\/\/radionewsmisiones.ar\/site\/wp-json\/wp\/v2\/users\/3"}],"replies":[{"embeddable":true,"href":"https:\/\/radionewsmisiones.ar\/site\/wp-json\/wp\/v2\/comments?post=33804"}],"version-history":[{"count":2,"href":"https:\/\/radionewsmisiones.ar\/site\/wp-json\/wp\/v2\/posts\/33804\/revisions"}],"predecessor-version":[{"id":33809,"href":"https:\/\/radionewsmisiones.ar\/site\/wp-json\/wp\/v2\/posts\/33804\/revisions\/33809"}],"wp:featuredmedia":[{"embeddable":true,"href":"https:\/\/radionewsmisiones.ar\/site\/wp-json\/wp\/v2\/media\/33806"}],"wp:attachment":[{"href":"https:\/\/radionewsmisiones.ar\/site\/wp-json\/wp\/v2\/media?parent=33804"}],"wp:term":[{"taxonomy":"category","embeddable":true,"href":"https:\/\/radionewsmisiones.ar\/site\/wp-json\/wp\/v2\/categories?post=33804"},{"taxonomy":"post_tag","embeddable":true,"href":"https:\/\/radionewsmisiones.ar\/site\/wp-json\/wp\/v2\/tags?post=33804"}],"curies":[{"name":"wp","href":"https:\/\/api.w.org\/{rel}","templated":true}]}}