{"id":33955,"date":"2025-07-03T07:34:49","date_gmt":"2025-07-03T10:34:49","guid":{"rendered":"https:\/\/radionewsmisiones.ar\/site\/?p=33955"},"modified":"2025-07-03T07:34:53","modified_gmt":"2025-07-03T10:34:53","slug":"la-atencion-oftalmologica-integral-arribo-a-florentino-ameghino-de-la-mano-de-mirar-mejor","status":"publish","type":"post","link":"https:\/\/radionewsmisiones.ar\/site\/provinciales\/la-atencion-oftalmologica-integral-arribo-a-florentino-ameghino-de-la-mano-de-mirar-mejor\/","title":{"rendered":"La atenci\u00f3n oftalmol\u00f3gica integral arrib\u00f3 a Florentino Ameghino de la mano de Mirar Mejor"},"content":{"rendered":"\n<p>El programa de Gobernaci\u00f3n y coordinado por el IPLyC, Mirar Mejor, contin\u00faa acercando soluciones oftalmol\u00f3gicas a los vecinos de la provincia. Este mi\u00e9rcoles, el destino fue la comuna de Florentino Ameghino, donde m\u00e1s de 60 vecinos accedieron a consultas, diagn\u00f3sticos, revisiones de la visi\u00f3n y anteojos sin costo para los pacientes.<\/p>\n\n\n\n<figure class=\"wp-block-image size-large\"><img loading=\"lazy\" width=\"1024\" height=\"768\" src=\"https:\/\/radionewsmisiones.ar\/site\/wp-content\/uploads\/2025\/07\/Mirar-Mejor-en-F.-Ameghino-5-1024x768.jpeg\" alt=\"\" class=\"wp-image-33956\" srcset=\"https:\/\/radionewsmisiones.ar\/site\/wp-content\/uploads\/2025\/07\/Mirar-Mejor-en-F.-Ameghino-5-1024x768.jpeg 1024w, https:\/\/radionewsmisiones.ar\/site\/wp-content\/uploads\/2025\/07\/Mirar-Mejor-en-F.-Ameghino-5-300x225.jpeg 300w, https:\/\/radionewsmisiones.ar\/site\/wp-content\/uploads\/2025\/07\/Mirar-Mejor-en-F.-Ameghino-5-768x576.jpeg 768w, https:\/\/radionewsmisiones.ar\/site\/wp-content\/uploads\/2025\/07\/Mirar-Mejor-en-F.-Ameghino-5-1536x1152.jpeg 1536w, https:\/\/radionewsmisiones.ar\/site\/wp-content\/uploads\/2025\/07\/Mirar-Mejor-en-F.-Ameghino-5-2048x1536.jpeg 2048w\" sizes=\"(max-width: 1024px) 100vw, 1024px\" \/><\/figure>\n\n\n\n<p>Desde temprano, esta iniciativa trabajada en conjunto con la Sociedad Oftalmol\u00f3gica de Misiones (SOMI), gener\u00f3 gran convocatoria de personas, quienes contaron que por primera vez accedieron a un turno oftalmol\u00f3gico.&nbsp;<\/p>\n\n\n\n<p>Alicia G\u00f3mez, una de las vecinas que asisti\u00f3 al operativo, expres\u00f3 que \u201chace tiempo que noto que tengo inconvenientes en mi vista y por motivos de distancia y econ\u00f3micos no pod\u00eda ir hasta Ober\u00e1 para conseguir turno. Entonces que vengan al municipio est\u00e1 buen\u00edsimo y me llevo diagn\u00f3sticos y anteojos\u201d.<\/p>\n\n\n\n<p>Por su parte Ana G\u00f3mez cont\u00f3 que \u201ces la primera vez que me hago un control de la vista y si bien no necesito anteojos por ahora, salgo con recomendaciones para cuidar mi visi\u00f3n que las necesito porque estoy estudiando y demanda mucho tiempo de lectura\u201d.<\/p>\n\n\n\n<p>En tanto que Sebasti\u00e1n Bien, otro de los vecinos que acudi\u00f3 a esta iniciativa precis\u00f3 \u201chace tiempo que mirar la tele o leer es un problema, se me cansa la vista y me duele la cabeza; dej\u00e9 pasar mucho tiempo y esto est\u00e1 mal. Vinieron al pueblo y me acercaron una soluci\u00f3n, un control de calidad y s\u00e9 que este diagn\u00f3stico y los anteojos me van a cambiar la vida\u201d.<\/p>\n\n\n\n<p>Mientras que Mar\u00eda Mart\u00ednez dijo que \u201cme voy feliz con mis nuevos anteojos, voy a poder hacer muchas cosas que no hac\u00eda, como leer, algo que siempre disfrut\u00e9 y que por molestias en mi vista no lo hac\u00eda. Sin dudas, esto ser\u00e1 un cambio significativo en mi vida\u201d.<\/p>\n\n\n\n<p>El presidente del IPLyC, H\u00e9ctor Rojas Decut, afirm\u00f3: \u201cEl juego responsable permite pol\u00edticas sociales responsables. Programas como \u201cMirar Mejor\u201d muestran c\u00f3mo los recursos bien administrados pueden generar verdadero impacto social. Que un ni\u00f1o pueda ver bien en la escuela, que un adulto mayor recupere nitidez en su d\u00eda a d\u00eda: eso es lo que buscamos con cada consulta, cada diagn\u00f3stico, cada par de anteojos entregado\u201d.<\/p>\n\n\n\n<p>De esta manera, Mirar Mejor ya recorri\u00f3 37 municipios misioneros en los \u00faltimos meses, donde m\u00e1s de 2700 vecinos y vecinos accedieron a los controles oftalmol\u00f3gicos y se entregaron m\u00e1s de 2500 anteojos que mejoraron la calidad de vida. El martes, esta propuesta arribar\u00e1 a San Jos\u00e9.&nbsp;<\/p>\n","protected":false},"excerpt":{"rendered":"<p>El programa de Gobernaci&oacute;n y coordinado por el IPLyC, Mirar Mejor, contin&uacute;a acercando soluciones oftalmol&oacute;gicas a los vecinos de la provincia. Este mi&eacute;rcoles, el destino fue la comuna de Florentino&hellip; <\/p>\n","protected":false},"author":3,"featured_media":33957,"comment_status":"closed","ping_status":"closed","sticky":false,"template":"","format":"standard","meta":{"_monsterinsights_skip_tracking":false,"_monsterinsights_sitenote_active":false,"_monsterinsights_sitenote_note":"","_monsterinsights_sitenote_category":0},"categories":[3],"tags":[173],"aioseo_notices":[],"_links":{"self":[{"href":"https:\/\/radionewsmisiones.ar\/site\/wp-json\/wp\/v2\/posts\/33955"}],"collection":[{"href":"https:\/\/radionewsmisiones.ar\/site\/wp-json\/wp\/v2\/posts"}],"about":[{"href":"https:\/\/radionewsmisiones.ar\/site\/wp-json\/wp\/v2\/types\/post"}],"author":[{"embeddable":true,"href":"https:\/\/radionewsmisiones.ar\/site\/wp-json\/wp\/v2\/users\/3"}],"replies":[{"embeddable":true,"href":"https:\/\/radionewsmisiones.ar\/site\/wp-json\/wp\/v2\/comments?post=33955"}],"version-history":[{"count":1,"href":"https:\/\/radionewsmisiones.ar\/site\/wp-json\/wp\/v2\/posts\/33955\/revisions"}],"predecessor-version":[{"id":33958,"href":"https:\/\/radionewsmisiones.ar\/site\/wp-json\/wp\/v2\/posts\/33955\/revisions\/33958"}],"wp:featuredmedia":[{"embeddable":true,"href":"https:\/\/radionewsmisiones.ar\/site\/wp-json\/wp\/v2\/media\/33957"}],"wp:attachment":[{"href":"https:\/\/radionewsmisiones.ar\/site\/wp-json\/wp\/v2\/media?parent=33955"}],"wp:term":[{"taxonomy":"category","embeddable":true,"href":"https:\/\/radionewsmisiones.ar\/site\/wp-json\/wp\/v2\/categories?post=33955"},{"taxonomy":"post_tag","embeddable":true,"href":"https:\/\/radionewsmisiones.ar\/site\/wp-json\/wp\/v2\/tags?post=33955"}],"curies":[{"name":"wp","href":"https:\/\/api.w.org\/{rel}","templated":true}]}}