{"id":33959,"date":"2025-07-03T08:16:38","date_gmt":"2025-07-03T11:16:38","guid":{"rendered":"https:\/\/radionewsmisiones.ar\/site\/?p=33959"},"modified":"2025-07-03T08:17:09","modified_gmt":"2025-07-03T11:17:09","slug":"presentaron-la-3-edicion-de-la-feria-metalmecanica-y-tecnologica-del-nea","status":"publish","type":"post","link":"https:\/\/radionewsmisiones.ar\/site\/provinciales\/presentaron-la-3-edicion-de-la-feria-metalmecanica-y-tecnologica-del-nea\/","title":{"rendered":"Presentaron la 3\u00b0 edici\u00f3n de la Feria Metalmec\u00e1nica y Tecnol\u00f3gica del NEA"},"content":{"rendered":"\n<p>La Feria Metalmec\u00e1nica y Tecnol\u00f3gica del NEA ser\u00e1 un punto de encuentro para los sectores productivos de Argentina, Paraguay y Brasil. Contar\u00e1 con una variedad de actividades, incluyendo exposiciones t\u00e9cnicas, rondas de negocios, presentaciones de maquinaria industrial y stands interactivos.<\/p>\n\n\n\n<figure class=\"wp-block-image size-large\"><img loading=\"lazy\" width=\"1024\" height=\"682\" src=\"https:\/\/radionewsmisiones.ar\/site\/wp-content\/uploads\/2025\/07\/WhatsApp-Image-2025-07-02-at-15.03.28-1024x682.jpeg\" alt=\"\" class=\"wp-image-33960\" srcset=\"https:\/\/radionewsmisiones.ar\/site\/wp-content\/uploads\/2025\/07\/WhatsApp-Image-2025-07-02-at-15.03.28-1024x682.jpeg 1024w, https:\/\/radionewsmisiones.ar\/site\/wp-content\/uploads\/2025\/07\/WhatsApp-Image-2025-07-02-at-15.03.28-300x200.jpeg 300w, https:\/\/radionewsmisiones.ar\/site\/wp-content\/uploads\/2025\/07\/WhatsApp-Image-2025-07-02-at-15.03.28-768x512.jpeg 768w, https:\/\/radionewsmisiones.ar\/site\/wp-content\/uploads\/2025\/07\/WhatsApp-Image-2025-07-02-at-15.03.28-1536x1023.jpeg 1536w, https:\/\/radionewsmisiones.ar\/site\/wp-content\/uploads\/2025\/07\/WhatsApp-Image-2025-07-02-at-15.03.28.jpeg 1600w\" sizes=\"(max-width: 1024px) 100vw, 1024px\" \/><\/figure>\n\n\n\n<p>Este mi\u00e9rcoles 2 de julio se realiz\u00f3 el lanzamiento oficial de la Feria Metalmec\u00e1nica y Tecnol\u00f3gica del NEA (Fe.Me.Tec) en el auditorio \u201cTierra Sin Mal\u201d del cuarto tramo de la Costanera. Estuvieron presentes representantes de los sectores institucional, empresarial y educativo.<\/p>\n\n\n\n<p>La feria se llevar\u00e1 a cabo los d\u00edas 6 y 7 de septiembre en la Cascada de la Costanera de Posadas. Durante esas jornadas, el p\u00fablico podr\u00e1 recorrer el predio y conocer m\u00e1s de cerca el funcionamiento de maquinaria industrial como tambi\u00e9n participar de las actividades interactivas.<\/p>\n\n\n\n<p>La propuesta, acompa\u00f1ada por la Municipalidad de Posadas, junto a la C\u00e1mara Misionera de Industriales Metal\u00fargicos (CAMIM) y dem\u00e1s instituciones, busca visibilizar el potencial de la industria metal\u00fargica y metalmec\u00e1nica local, expandiendo nuevas oportunidades comerciales para la regi\u00f3n.<\/p>\n\n\n\n<p>Mart\u00edn Echenique, director General de Promoci\u00f3n del Parque Industrial Posadas, explic\u00f3: \u201cQueremos que la oferta de servicios y productos de los socios de la c\u00e1mara llegue a toda la regi\u00f3n y se integre tambi\u00e9n a las escuelas t\u00e9cnicas de la ciudad\u201d.<\/p>\n\n\n\n<p>En los \u00faltimos a\u00f1os, Posadas se posicion\u00f3 como un destino elegido para encuentros significativos. Esta feria fortalece tambi\u00e9n al turismo y el desarrollo econ\u00f3mico regional, mencion\u00f3 Echenique.<\/p>\n\n\n\n<p>Silvia Gonz\u00e1lez, presidenta de CAMIN destac\u00f3 que \u201ccada producto que usamos pasa por procesos metal\u00fargicos y metalmec\u00e1nicos. Estamos en la producci\u00f3n agr\u00edcola, la construcci\u00f3n, la sanidad, el mobiliario urbano, los sistemas h\u00eddricos y m\u00e1s. Queremos mayor visibilidad, ser generadores de empleo, ganar mercados y modernizarnos. Esta feria es un paso clave hacia ese objetivo\u201d.<\/p>\n\n\n\n<p>La industria metal\u00fargica es clave en Posadas, no s\u00f3lo por su rol econ\u00f3mico, sino por la generaci\u00f3n de empleo. Adem\u00e1s de mostrar el potencial del sector, la propuesta busca generar alianzas estrat\u00e9gicas y facilitar el acceso a herramientas de innovaci\u00f3n, formaci\u00f3n t\u00e9cnica y financiamiento. Se espera una amplia participaci\u00f3n de empresas, instituciones educativas y diferentes organismos.<\/p>\n","protected":false},"excerpt":{"rendered":"<p>La Feria Metalmec&aacute;nica y Tecnol&oacute;gica del NEA ser&aacute; un punto de encuentro para los sectores productivos de Argentina, Paraguay y Brasil. Contar&aacute; con una variedad de actividades, incluyendo exposiciones t&eacute;cnicas,&hellip; <\/p>\n","protected":false},"author":3,"featured_media":33961,"comment_status":"closed","ping_status":"closed","sticky":false,"template":"","format":"standard","meta":{"_monsterinsights_skip_tracking":false,"_monsterinsights_sitenote_active":false,"_monsterinsights_sitenote_note":"","_monsterinsights_sitenote_category":0},"categories":[3],"tags":[22],"aioseo_notices":[],"_links":{"self":[{"href":"https:\/\/radionewsmisiones.ar\/site\/wp-json\/wp\/v2\/posts\/33959"}],"collection":[{"href":"https:\/\/radionewsmisiones.ar\/site\/wp-json\/wp\/v2\/posts"}],"about":[{"href":"https:\/\/radionewsmisiones.ar\/site\/wp-json\/wp\/v2\/types\/post"}],"author":[{"embeddable":true,"href":"https:\/\/radionewsmisiones.ar\/site\/wp-json\/wp\/v2\/users\/3"}],"replies":[{"embeddable":true,"href":"https:\/\/radionewsmisiones.ar\/site\/wp-json\/wp\/v2\/comments?post=33959"}],"version-history":[{"count":1,"href":"https:\/\/radionewsmisiones.ar\/site\/wp-json\/wp\/v2\/posts\/33959\/revisions"}],"predecessor-version":[{"id":33962,"href":"https:\/\/radionewsmisiones.ar\/site\/wp-json\/wp\/v2\/posts\/33959\/revisions\/33962"}],"wp:featuredmedia":[{"embeddable":true,"href":"https:\/\/radionewsmisiones.ar\/site\/wp-json\/wp\/v2\/media\/33961"}],"wp:attachment":[{"href":"https:\/\/radionewsmisiones.ar\/site\/wp-json\/wp\/v2\/media?parent=33959"}],"wp:term":[{"taxonomy":"category","embeddable":true,"href":"https:\/\/radionewsmisiones.ar\/site\/wp-json\/wp\/v2\/categories?post=33959"},{"taxonomy":"post_tag","embeddable":true,"href":"https:\/\/radionewsmisiones.ar\/site\/wp-json\/wp\/v2\/tags?post=33959"}],"curies":[{"name":"wp","href":"https:\/\/api.w.org\/{rel}","templated":true}]}}