{"id":33963,"date":"2025-07-03T08:27:24","date_gmt":"2025-07-03T11:27:24","guid":{"rendered":"https:\/\/radionewsmisiones.ar\/site\/?p=33963"},"modified":"2025-07-03T08:27:27","modified_gmt":"2025-07-03T11:27:27","slug":"passalacqua-en-el-lanzamiento-de-la-5a-fecha-del-rally-argentino-ademas-de-un-espectaculo-deportivo-tambien-es-gran-activador-de-la-economia-misionera","status":"publish","type":"post","link":"https:\/\/radionewsmisiones.ar\/site\/provinciales\/passalacqua-en-el-lanzamiento-de-la-5a-fecha-del-rally-argentino-ademas-de-un-espectaculo-deportivo-tambien-es-gran-activador-de-la-economia-misionera\/","title":{"rendered":"Passalacqua en el lanzamiento de la 5\u00aa fecha del Rally Argentino: \u201cAdem\u00e1s de un espect\u00e1culo deportivo, tambi\u00e9n es gran activador de la econom\u00eda misionera\u201d"},"content":{"rendered":"\n<p>Leandro N. Alem, San Javier, Moj\u00f3n Grande, Dos Arroyos, Almafuerte, Gobernador L\u00f3pez y Arroyo del Medio ser\u00e1n el escenario de la 5\u00aa fecha del Campeonato de Rally Argentino Pirelli y de la Copa Misiones. Ambas competencias se correr\u00e1n del 4 al 6 de julio y son organizadas por la Asociaci\u00f3n Misionera de Pilotos y Navegantes de Rally (AMPyNaR) y los Municipios, con el apoyo del Gobierno de la provincia. Participar\u00e1n en total, 42 competidores de todo el pa\u00eds y se espera una masiva convocatoria de p\u00fablico y un fuerte impacto en la econom\u00eda regional.<\/p>\n\n\n\n<figure class=\"wp-block-embed is-type-video is-provider-youtube wp-block-embed-youtube wp-embed-aspect-16-9 wp-has-aspect-ratio\"><div class=\"wp-block-embed__wrapper\">\n<iframe loading=\"lazy\" title=\"Lanzamiento Campeonato Argentino de Rally en Misiones\" width=\"1110\" height=\"624\" src=\"https:\/\/www.youtube.com\/embed\/U098rEAcmJQ?feature=oembed\" frameborder=\"0\" allow=\"accelerometer; autoplay; clipboard-write; encrypted-media; gyroscope; picture-in-picture; web-share\" referrerpolicy=\"strict-origin-when-cross-origin\" allowfullscreen><\/iframe>\n<\/div><\/figure>\n\n\n\n<p> Esta ma\u00f1ana, el gobernador Hugo Passalacqua encabez\u00f3 el lanzamiento oficial de la 5\u00aa fecha del Campeonato de Rally Argentino Pirelli y de una nueva edici\u00f3n de la la Copa Misiones, que se disputar\u00e1n de manera simult\u00e1nea del 4 al 6 de julio con sede en las localidades de: Leandro N. Alem, San Javier, Moj\u00f3n Grande, Dos Arroyos, Almafuerte, Gobernador L\u00f3pez y Arroyo del Medio.<\/p>\n\n\n\n<p>En esta 5\u00aa fecha, organizada por la AMPyNaR y autoridades de los diferentes municipios, con el apoyo del Gobierno de Misiones, participar\u00e1n 42 competidores de todo el pa\u00eds.<br>En tanto, la Copa Misiones, organizada tambi\u00e9n por AMPyNaR, est\u00e1 destinada exclusivamente a pilotos misioneros, quienes podr\u00e1n correr por los mismos caminos y compartir jornada con los equipos nacionales del Rally Argentino. Se trata de la tercera edici\u00f3n de esta competencia, luego de las realizadas en 2014 y 2015.<\/p>\n\n\n\n<p>Al respecto, Passalacqua asegur\u00f3: \u201cEste Rally en el que el Gobierno de la provincia colabora humildemente, genera recursos para todos, no solamente para esos pueblos que participan de forma directa del circuito, sino tambi\u00e9n para todos los misioneros, porque ese dinero circula por toda la provincia y genera empleo y movimiento econ\u00f3mico\u201d.<\/p>\n\n\n\n<p>\u201cS\u00ed bien es un deporte y un espect\u00e1culo, tambi\u00e9n es un activador de la econom\u00eda de la provincia de Misiones, por eso le ponemos tanto \u00e9nfasis, sobre todo en este momento tan dif\u00edcil que estamos atravesando. Es orgullo que Misiones encuentre en el turismo, el deporte y el entretenimiento, un gran apalancamiento de su econom\u00eda\u201d, agreg\u00f3 el mandatario provincial.<\/p>\n\n\n\n<p>A su vez, manifest\u00f3: \u201cQuiero felicitar a los pilotos, que son las estrellas que ponen su cuerpo y su pasi\u00f3n al servicio, no solo del deporte, sino tambi\u00e9n del espect\u00e1culo en el que se convierte esto. Tambi\u00e9n a la AMPyNaR y a mis queridos amigos intendentes porque preparar un circuito complejo como necesita un rally, es un esfuerzo de mucho tiempo\u201d, se\u00f1al\u00f3 tambi\u00e9n. \u201cY quienes no son aficionados de este deporte, quiero invitarlos a que no se pierdan esta competencia, realmente vale la pena, es una experiencia digna de ser vivida y lo podr\u00e1n hacer dentro de la provincia de Misiones\u201d, puntualiz\u00f3.<\/p>\n\n\n\n<p>DOS JORNADAS A PURA VELOCIDAD POR CAMINOS MISIONEROS<\/p>\n\n\n\n<p>El Rally estar\u00e1 dividido en dos etapas bien diferenciadas: el s\u00e1bado se correr\u00e1 en San Javier y Moj\u00f3n Grande, mientras que el domingo la acci\u00f3n se trasladar\u00e1 a Leandro N. Alem, Dos Arroyos y Almafuerte. Algunos tramos del recorrido ser\u00e1n completamente nuevos y nunca antes utilizados en fechas oficiales.<\/p>\n\n\n\n<p>El cierre ser\u00e1 con el esperado S\u00faper Prime en el Kart\u00f3dromo de Alem, un circuito mixto de asfalto y tierra que fue reacondicionado durante los \u00faltimos meses con obras de emparejamiento y la marcaci\u00f3n de 550 metros adicionales. El polideportivo Ricardo Balb\u00edn ser\u00e1 el centro operativo del evento, albergando el parque de asistencia, la largada simb\u00f3lica y la prueba final del domingo.<\/p>\n","protected":false},"excerpt":{"rendered":"<p>Leandro N. Alem, San Javier, Moj&oacute;n Grande, Dos Arroyos, Almafuerte, Gobernador L&oacute;pez y Arroyo del Medio ser&aacute;n el escenario de la 5&ordf; fecha del Campeonato de Rally Argentino Pirelli y&hellip; <\/p>\n","protected":false},"author":3,"featured_media":33964,"comment_status":"closed","ping_status":"closed","sticky":false,"template":"","format":"standard","meta":{"_monsterinsights_skip_tracking":false,"_monsterinsights_sitenote_active":false,"_monsterinsights_sitenote_note":"","_monsterinsights_sitenote_category":0},"categories":[3],"tags":[316],"aioseo_notices":[],"_links":{"self":[{"href":"https:\/\/radionewsmisiones.ar\/site\/wp-json\/wp\/v2\/posts\/33963"}],"collection":[{"href":"https:\/\/radionewsmisiones.ar\/site\/wp-json\/wp\/v2\/posts"}],"about":[{"href":"https:\/\/radionewsmisiones.ar\/site\/wp-json\/wp\/v2\/types\/post"}],"author":[{"embeddable":true,"href":"https:\/\/radionewsmisiones.ar\/site\/wp-json\/wp\/v2\/users\/3"}],"replies":[{"embeddable":true,"href":"https:\/\/radionewsmisiones.ar\/site\/wp-json\/wp\/v2\/comments?post=33963"}],"version-history":[{"count":1,"href":"https:\/\/radionewsmisiones.ar\/site\/wp-json\/wp\/v2\/posts\/33963\/revisions"}],"predecessor-version":[{"id":33965,"href":"https:\/\/radionewsmisiones.ar\/site\/wp-json\/wp\/v2\/posts\/33963\/revisions\/33965"}],"wp:featuredmedia":[{"embeddable":true,"href":"https:\/\/radionewsmisiones.ar\/site\/wp-json\/wp\/v2\/media\/33964"}],"wp:attachment":[{"href":"https:\/\/radionewsmisiones.ar\/site\/wp-json\/wp\/v2\/media?parent=33963"}],"wp:term":[{"taxonomy":"category","embeddable":true,"href":"https:\/\/radionewsmisiones.ar\/site\/wp-json\/wp\/v2\/categories?post=33963"},{"taxonomy":"post_tag","embeddable":true,"href":"https:\/\/radionewsmisiones.ar\/site\/wp-json\/wp\/v2\/tags?post=33963"}],"curies":[{"name":"wp","href":"https:\/\/api.w.org\/{rel}","templated":true}]}}