{"id":33966,"date":"2025-07-03T08:42:44","date_gmt":"2025-07-03T11:42:44","guid":{"rendered":"https:\/\/radionewsmisiones.ar\/site\/?p=33966"},"modified":"2025-07-03T08:42:49","modified_gmt":"2025-07-03T11:42:49","slug":"misiones-y-paraguay-fortalecen-la-articulacion-contra-la-trata-de-personas-con-una-jornada-en-la-camara-de-representantes","status":"publish","type":"post","link":"https:\/\/radionewsmisiones.ar\/site\/provinciales\/misiones-y-paraguay-fortalecen-la-articulacion-contra-la-trata-de-personas-con-una-jornada-en-la-camara-de-representantes\/","title":{"rendered":"Misiones y Paraguay fortalecen la articulaci\u00f3n contra la trata de personas con una jornada en la C\u00e1mara de Representantes"},"content":{"rendered":"\n<p><strong>La capacitaci\u00f3n estuvo dirigida a funcionarios de ambos pa\u00edses, con el objetivo de intercambiar experiencias y coordinar estrategias de prevenci\u00f3n y abordaje en zonas de frontera.<\/strong><\/p>\n\n\n\n<figure class=\"wp-block-image size-full\"><img loading=\"lazy\" width=\"1024\" height=\"683\" src=\"https:\/\/radionewsmisiones.ar\/site\/wp-content\/uploads\/2025\/07\/DSC_1178.jpg\" alt=\"\" class=\"wp-image-33967\" srcset=\"https:\/\/radionewsmisiones.ar\/site\/wp-content\/uploads\/2025\/07\/DSC_1178.jpg 1024w, https:\/\/radionewsmisiones.ar\/site\/wp-content\/uploads\/2025\/07\/DSC_1178-300x200.jpg 300w, https:\/\/radionewsmisiones.ar\/site\/wp-content\/uploads\/2025\/07\/DSC_1178-768x512.jpg 768w\" sizes=\"(max-width: 1024px) 100vw, 1024px\" \/><\/figure>\n\n\n\n<p>En el Sal\u00f3n de los Dos Constituciones se realiz\u00f3 la jornada \u201cNuevas modalidades de explotaci\u00f3n asociadas a la virtualidad, trata de personas y delitos conexos\u201d, organizada en conjunto por la C\u00e1mara de Representantes de Misiones, la Vicegobernaci\u00f3n provincial y el Consulado de Paraguay en Posadas. La actividad reafirma el compromiso institucional del Parlamento misionero con las pol\u00edticas de derechos humanos, protecci\u00f3n de v\u00edctimas y articulaci\u00f3n regional.<\/p>\n\n\n\n<p>Participaron del acto de apertura, la presidenta del&nbsp;bloque de diputados renovadores, Mabel C\u00e1ceres, la diputada Norma Sawicz, el vicegobernador Lucas Romero Spinelli, la c\u00f3nsul del Paraguay en Posadas, Lourdes Rivas, y la coordinadora de Prevenci\u00f3n, Protecci\u00f3n y Asistencia a V\u00edctimas y Testigos de Trata y Tr\u00e1fico de Personas, Yanina Boschmann.<\/p>\n\n\n\n<p>La legisladora Norma Sawicz dio la bienvenida en nombre del presidente de la Legislatura, Oscar Herrera Ahuad, del vicepresidente primero, Mart\u00edn Cesino, y del conductor del Frente Renovador, Carlos Rovira.<\/p>\n\n\n\n<p>\u201cDesde 2008 Rovira ha instalado esta tem\u00e1tica en el Ministerio de Derechos Humanos y la ha proyectado como una pol\u00edtica transversal del Estado misionero\u201d afirm\u00f3 la diputada.<\/p>\n\n\n\n<p>Valor\u00f3 especialmente \u201cel trabajo conjunto\u201d y destac\u00f3 que \u201cnadie hace nada solo, todos somos necesarios\u201d.<\/p>\n\n\n\n<p>El vicegobernador Lucas Romero Spinelli subray\u00f3 que si bien se dispone de \u201cmuchas herramientas para el abordaje, la asistencia y el acompa\u00f1amiento, nunca es suficiente\u201d.<\/p>\n\n\n\n<p>Se\u00f1al\u00f3 que \u201clo fundamental es la v\u00edctima, el acompa\u00f1amiento que necesita, y para eso es clave lograr esta articulaci\u00f3n con Paraguay\u201d.<\/p>\n\n\n\n<p>En ese sentido, expres\u00f3 su expectativa de que \u201ceste encuentro sirva para pulir diferencias, mejorar lo que sea necesario y sumar herramientas para que la persona v\u00edctima de trata pueda salir adelante y compartir su experiencia para que otro no caiga en el m\u00e9todo del enga\u00f1o\u201d.<\/p>\n\n\n\n<p>Por su parte, la c\u00f3nsul del Paraguay en Posadas, Lourdes Rivas, remarc\u00f3 que \u201cel Consulado y desde el Gobierno paraguayo est\u00e1n comprometidos con este tema que preocupa y afecta especialmente a la zona de frontera entre Itap\u00faa y Misiones\u201d.<\/p>\n\n\n\n<p>Dijo que llegaron \u201ca aprender, porque en Misiones estas modalidades de explotaci\u00f3n est\u00e1n m\u00e1s desarrolladas en t\u00e9rminos de abordaje\u201d y asegur\u00f3 que est\u00e1n \u201cdispuestos a incorporar esas experiencias a los procedimientos que se llevan adelante en Paraguay, y tambi\u00e9n a compartir conocimientos\u201d.<\/p>\n\n\n\n<p>Durante el encuentro se expusieron marcos normativos, protocolos de actuaci\u00f3n y experiencias institucionales en torno a nuevas formas de explotaci\u00f3n facilitadas por entornos digitales. Disertaron la licenciada en Trabajo Social, Yanina Boschmann y la licenciada en Psicolog\u00eda, Carolina Cort\u00e9s, ambas del equipo t\u00e9cnico de la Vicegobernaci\u00f3n. Tambi\u00e9n particip\u00f3 Silvina Guti\u00e9rrez, titular de la Fiscal\u00eda Federal N\u00b02, quien expuso sobre los procedimientos judiciales ante situaciones de trata.<\/p>\n\n\n\n<p>Como cierre, se conform\u00f3 una mesa de trabajo binacional entre representantes de organismos argentinos y paraguayos para delinear futuras l\u00edneas de acci\u00f3n conjunta.<\/p>\n\n\n\n<p>Participaron legisladores y funcionarios de los tres Poderes de los gobiernos de Argentina y Paraguay, de Misiones e Itap\u00faa, y de las municipalidades de Posadas y Encarnaci\u00f3n.<\/p>\n","protected":false},"excerpt":{"rendered":"<p>La capacitaci&oacute;n estuvo dirigida a funcionarios de ambos pa&iacute;ses, con el objetivo de intercambiar experiencias y coordinar estrategias de prevenci&oacute;n y abordaje en zonas de frontera. En el Sal&oacute;n de&hellip; <\/p>\n","protected":false},"author":3,"featured_media":33968,"comment_status":"closed","ping_status":"closed","sticky":false,"template":"","format":"standard","meta":{"_monsterinsights_skip_tracking":false,"_monsterinsights_sitenote_active":false,"_monsterinsights_sitenote_note":"","_monsterinsights_sitenote_category":0},"categories":[3],"tags":[7],"aioseo_notices":[],"_links":{"self":[{"href":"https:\/\/radionewsmisiones.ar\/site\/wp-json\/wp\/v2\/posts\/33966"}],"collection":[{"href":"https:\/\/radionewsmisiones.ar\/site\/wp-json\/wp\/v2\/posts"}],"about":[{"href":"https:\/\/radionewsmisiones.ar\/site\/wp-json\/wp\/v2\/types\/post"}],"author":[{"embeddable":true,"href":"https:\/\/radionewsmisiones.ar\/site\/wp-json\/wp\/v2\/users\/3"}],"replies":[{"embeddable":true,"href":"https:\/\/radionewsmisiones.ar\/site\/wp-json\/wp\/v2\/comments?post=33966"}],"version-history":[{"count":1,"href":"https:\/\/radionewsmisiones.ar\/site\/wp-json\/wp\/v2\/posts\/33966\/revisions"}],"predecessor-version":[{"id":33969,"href":"https:\/\/radionewsmisiones.ar\/site\/wp-json\/wp\/v2\/posts\/33966\/revisions\/33969"}],"wp:featuredmedia":[{"embeddable":true,"href":"https:\/\/radionewsmisiones.ar\/site\/wp-json\/wp\/v2\/media\/33968"}],"wp:attachment":[{"href":"https:\/\/radionewsmisiones.ar\/site\/wp-json\/wp\/v2\/media?parent=33966"}],"wp:term":[{"taxonomy":"category","embeddable":true,"href":"https:\/\/radionewsmisiones.ar\/site\/wp-json\/wp\/v2\/categories?post=33966"},{"taxonomy":"post_tag","embeddable":true,"href":"https:\/\/radionewsmisiones.ar\/site\/wp-json\/wp\/v2\/tags?post=33966"}],"curies":[{"name":"wp","href":"https:\/\/api.w.org\/{rel}","templated":true}]}}