{"id":33970,"date":"2025-07-03T08:57:50","date_gmt":"2025-07-03T11:57:50","guid":{"rendered":"https:\/\/radionewsmisiones.ar\/site\/?p=33970"},"modified":"2025-07-03T08:57:54","modified_gmt":"2025-07-03T11:57:54","slug":"este-viernes-4-y-cada-viernes-de-julio-estara-vigente-el-nuevo-programa-ahora-pymes","status":"publish","type":"post","link":"https:\/\/radionewsmisiones.ar\/site\/provinciales\/este-viernes-4-y-cada-viernes-de-julio-estara-vigente-el-nuevo-programa-ahora-pymes\/","title":{"rendered":"Este viernes 4 y cada viernes de julio estar\u00e1 vigente el nuevo programa \u201cAhora Pymes\u201d"},"content":{"rendered":"\n<p>A <a><\/a>partir del pr\u00f3ximo viernes 4 de julio, y durante todos los viernes del mes, estar\u00e1 vigente el nuevo programa Ahora Pymes, una herramienta financiera que permitir\u00e1 a las peque\u00f1as y medianas empresas adheridas ofrecer financiaci\u00f3n en 12 cuotas sin inter\u00e9s con un tope de operaciones mensuales por cliente de 10 millones de pesos.<\/p>\n\n\n\n<figure class=\"wp-block-image size-large\"><img loading=\"lazy\" width=\"819\" height=\"1024\" src=\"https:\/\/radionewsmisiones.ar\/site\/wp-content\/uploads\/2025\/07\/515012002_1249023103678357_5162022476872365573_n-819x1024.jpg\" alt=\"\" class=\"wp-image-33971\" srcset=\"https:\/\/radionewsmisiones.ar\/site\/wp-content\/uploads\/2025\/07\/515012002_1249023103678357_5162022476872365573_n-819x1024.jpg 819w, https:\/\/radionewsmisiones.ar\/site\/wp-content\/uploads\/2025\/07\/515012002_1249023103678357_5162022476872365573_n-240x300.jpg 240w, https:\/\/radionewsmisiones.ar\/site\/wp-content\/uploads\/2025\/07\/515012002_1249023103678357_5162022476872365573_n-768x960.jpg 768w, https:\/\/radionewsmisiones.ar\/site\/wp-content\/uploads\/2025\/07\/515012002_1249023103678357_5162022476872365573_n.jpg 1024w\" sizes=\"(max-width: 819px) 100vw, 819px\" \/><\/figure>\n\n\n\n<p>Este beneficio estar\u00e1 disponible para las compras realizadas con tarjetas de cr\u00e9dito Visa Business de Banco Macro. El costo financiero de las operaciones ser\u00e1 asumido mayoritariamente por la Provincia y Banco Macro, mientras que los comercios adheridos s\u00f3lo deber\u00e1n aportar un 5% + IVA sobre el monto de cada operaci\u00f3n.<\/p>\n\n\n\n<p>A partir de ma\u00f1ana, Ahora Pymes contar\u00e1 con la participaci\u00f3n de las m\u00e1s de 100 empresas que ya se inscribieron; mientras que aquellas que deseen sumarse para los restantes viernes del mes deber\u00e1n inscribirse a trav\u00e9s del sitio <a href=\"https:\/\/ahora.misiones.gob.ar\/?fbclid=IwZXh0bgNhZW0CMTAAYnJpZBExM01Zd1BUQXNHaXVNTVo5bAEepU90wITKILMk_jQrnJGEnaBxaEd2QeK8ZhqmLEVHDr5q0cBL13Zg6JW_a58_aem_vD_A7GHZ2S9dGvbtSJtH6g\" rel=\"noreferrer noopener\" target=\"_blank\">https:\/\/ahora.misiones.gob.ar<\/a><\/p>\n\n\n\n<p>Se podr\u00e1n adherir aquellos comercios misioneros responsables inscriptos en el IVA y con certificado MiPyME vigente dentro de los rubros alcanzados por el programa: c\u00e1maras y cubiertas de auto, camioneta y moto; computadoras, tablets y celulares; art\u00edculos de librer\u00eda, indumentaria en general, calzado y marroquiner\u00eda, muebles, electrodom\u00e9sticos, envases, blanquer\u00eda, art\u00edculos para el hogar, bater\u00edas, repuestos y accesorios de auto y moto; colchones, reparaciones de mec\u00e1nica integral de auto y moto; art\u00edculos textiles, y materiales y herramientas para la construcci\u00f3n.<\/p>\n\n\n\n<p>Luego del mes de julio, se evaluar\u00e1 el desempe\u00f1o e impacto del programa para replicarlo en otro mes calendario.<\/p>\n\n\n\n<p>La puesta en marcha de este programa fue adelantada por el gobernador Hugo Passalacqua en su discurso del pasado 1\u00b0 de Mayo con el objetivo de incentivar y hacer m\u00e1s competitivo al comercio interno misionero frente a opciones de otras jurisdicciones. El Gobernador destac\u00f3 que este programa prosper\u00f3 gracias a la buena articulaci\u00f3n entre los sectores p\u00fablico y privado, ya que fue una iniciativa de los representantes de la C\u00e1mara de Comercio e Industria de Posadas con el apoyo de otros sectores econ\u00f3micos en di\u00e1logo con el Gobierno provincial.<\/p>\n\n\n\n<p>Es importante remarcar que Ahora Pymes servir\u00e1 para movilizar el comercio entre empresas de distintos rubros; por ejemplo, si una empresa necesita comprar indumentaria para el personal, o equipamiento de oficina, o materiales de construcci\u00f3n para su negocio, o envases para su molino de yerba, podr\u00e1n adquirir estos insumos en hasta 12 cuotas sin inter\u00e9s bajo las condiciones del programa.<\/p>\n\n\n\n<p>El listado de empresas adheridas al programa Ahora Pymes se encuentra disponible en la web de los Programas Ahora: <a href=\"https:\/\/ahora.misiones.gob.ar\/?fbclid=IwZXh0bgNhZW0CMTAAYnJpZBExM01Zd1BUQXNHaXVNTVo5bAEeo5u3eBDQMi-b5qyKct5iq7gwgtWCToVpa4_zXh9R6JeFO4JllLgDevN79sA_aem_5p6nwC__hJrixMVNlFGFQg#\/programa\/ahora-pymes\" rel=\"noreferrer noopener\" target=\"_blank\">https:\/\/ahora.misiones.gob.ar\/#\/programa\/ahora-pymes<\/a><\/p>\n","protected":false},"excerpt":{"rendered":"<p>A partir del pr&oacute;ximo viernes 4 de julio, y durante todos los viernes del mes, estar&aacute; vigente el nuevo programa Ahora Pymes, una herramienta financiera que permitir&aacute; a las peque&ntilde;as&hellip; <\/p>\n","protected":false},"author":3,"featured_media":33972,"comment_status":"closed","ping_status":"closed","sticky":false,"template":"","format":"standard","meta":{"_monsterinsights_skip_tracking":false,"_monsterinsights_sitenote_active":false,"_monsterinsights_sitenote_note":"","_monsterinsights_sitenote_category":0},"categories":[3],"tags":[263],"aioseo_notices":[],"_links":{"self":[{"href":"https:\/\/radionewsmisiones.ar\/site\/wp-json\/wp\/v2\/posts\/33970"}],"collection":[{"href":"https:\/\/radionewsmisiones.ar\/site\/wp-json\/wp\/v2\/posts"}],"about":[{"href":"https:\/\/radionewsmisiones.ar\/site\/wp-json\/wp\/v2\/types\/post"}],"author":[{"embeddable":true,"href":"https:\/\/radionewsmisiones.ar\/site\/wp-json\/wp\/v2\/users\/3"}],"replies":[{"embeddable":true,"href":"https:\/\/radionewsmisiones.ar\/site\/wp-json\/wp\/v2\/comments?post=33970"}],"version-history":[{"count":1,"href":"https:\/\/radionewsmisiones.ar\/site\/wp-json\/wp\/v2\/posts\/33970\/revisions"}],"predecessor-version":[{"id":33973,"href":"https:\/\/radionewsmisiones.ar\/site\/wp-json\/wp\/v2\/posts\/33970\/revisions\/33973"}],"wp:featuredmedia":[{"embeddable":true,"href":"https:\/\/radionewsmisiones.ar\/site\/wp-json\/wp\/v2\/media\/33972"}],"wp:attachment":[{"href":"https:\/\/radionewsmisiones.ar\/site\/wp-json\/wp\/v2\/media?parent=33970"}],"wp:term":[{"taxonomy":"category","embeddable":true,"href":"https:\/\/radionewsmisiones.ar\/site\/wp-json\/wp\/v2\/categories?post=33970"},{"taxonomy":"post_tag","embeddable":true,"href":"https:\/\/radionewsmisiones.ar\/site\/wp-json\/wp\/v2\/tags?post=33970"}],"curies":[{"name":"wp","href":"https:\/\/api.w.org\/{rel}","templated":true}]}}