{"id":34108,"date":"2025-07-10T08:20:19","date_gmt":"2025-07-10T11:20:19","guid":{"rendered":"https:\/\/radionewsmisiones.ar\/site\/?p=34108"},"modified":"2025-07-10T08:20:22","modified_gmt":"2025-07-10T11:20:22","slug":"posadas-celebro-el-dia-de-la-independencia-con-un-emotivo-acto-en-el-barrio-nosiglia","status":"publish","type":"post","link":"https:\/\/radionewsmisiones.ar\/site\/provinciales\/posadas-celebro-el-dia-de-la-independencia-con-un-emotivo-acto-en-el-barrio-nosiglia\/","title":{"rendered":"Posadas celebr\u00f3 el D\u00eda de la Independencia con un emotivo acto en el barrio Nosiglia"},"content":{"rendered":"\n<p>Este martes 9 de julio, la ciudad conmemor\u00f3 un nuevo aniversario de la Declaraci\u00f3n de la Independencia con un acto central en la renovada plaza Karai del barrio Nosiglia. Funcionarios provinciales y municipales, instituciones escolares, vecinos, y representantes de las Fuerzas Armadas, de Seguridad y Policiales participaron del evento que combin\u00f3 tradici\u00f3n, patriotismo y cercan\u00eda con los vecinos.<\/p>\n\n\n\n<figure class=\"wp-block-image size-large\"><img loading=\"lazy\" width=\"1024\" height=\"684\" src=\"https:\/\/radionewsmisiones.ar\/site\/wp-content\/uploads\/2025\/07\/WhatsApp-Image-2025-07-09-at-11.51.23-1024x684.jpeg\" alt=\"\" class=\"wp-image-34109\" srcset=\"https:\/\/radionewsmisiones.ar\/site\/wp-content\/uploads\/2025\/07\/WhatsApp-Image-2025-07-09-at-11.51.23-1024x684.jpeg 1024w, https:\/\/radionewsmisiones.ar\/site\/wp-content\/uploads\/2025\/07\/WhatsApp-Image-2025-07-09-at-11.51.23-300x200.jpeg 300w, https:\/\/radionewsmisiones.ar\/site\/wp-content\/uploads\/2025\/07\/WhatsApp-Image-2025-07-09-at-11.51.23-768x513.jpeg 768w, https:\/\/radionewsmisiones.ar\/site\/wp-content\/uploads\/2025\/07\/WhatsApp-Image-2025-07-09-at-11.51.23-1536x1025.jpeg 1536w, https:\/\/radionewsmisiones.ar\/site\/wp-content\/uploads\/2025\/07\/WhatsApp-Image-2025-07-09-at-11.51.23.jpeg 1600w\" sizes=\"(max-width: 1024px) 100vw, 1024px\" \/><\/figure>\n\n\n\n<p>La ma\u00f1ana fresca fue suavizada por los rayos de un sol c\u00e1lido que acompa\u00f1\u00f3 toda la ceremonia. En representaci\u00f3n del intendente Leonardo Stelatto, asisti\u00f3 el presidente del Honorable Concejo Deliberante, Jair Dib, quien presidi\u00f3 el acto junto al comandante de la Brigada de Monte XII, coronel Gustavo Campos.<\/p>\n\n\n\n<p>El acto dio inici\u00f3 con la voz de alto mando militar, encargada de pasar revista haciendo los saludos protocolares. El izamiento de las banderas con los acordes del Himno Nacional Argentino, interpretado por la Banda de M\u00fasica Municipal, marc\u00f3 el inicio del acto solemne. Luego se entonaron la canci\u00f3n oficial de la provincia, Misionerita, y la de la ciudad, Posade\u00f1a Linda.<\/p>\n\n\n\n<p>La invocaci\u00f3n religiosa estuvo a cargo del padre Gervasio Silva, quien cit\u00f3 el documento episcopal \u201cLa Naci\u00f3n que queremos\u201d, llamando a construir una patria basada en la dignidad, el trabajo y la solidaridad. Gervasio invit\u00f3 a fortalecer la hermandad entre todos los habitantes del pa\u00eds, recordando la importancia de mantener viva la uni\u00f3n nacional. Posteriormente, se guard\u00f3 un respetuoso minuto de silencio en honor a quienes dieron su vida forjando la independencia.<\/p>\n\n\n\n<p>La docente Noem\u00ed Krieger, de la Escuela N.\u00ba 826, anim\u00f3 a los estudiantes a formarse en valores y a que cada d\u00eda \u201csea un 9 de Julio en nuestros corazones y nuestras acciones\u201d.<\/p>\n\n\n\n<p>El cierre art\u00edstico estuvo a cargo del Ballet Folkl\u00f3rico Municipal, que despleg\u00f3 la presentaci\u00f3n \u201cSomos Regi\u00f2n\u201d que emocion\u00f3 a los presentes y revaloriz\u00f3 nuestras ra\u00edces culturales.<\/p>\n\n\n\n<p>Al t\u00e9rmino del acto, Jair Dib destac\u00f3 que \u201cesta descentralizaci\u00f3n de los actos patrios es parte del trabajo que viene impulsando el municipio, buscando que las fechas hist\u00f3ricas se vivan desde los barrios, junto a los vecinos, quienes son los verdaderos protagonistas\u201d.<\/p>\n\n\n\n<p>Por su parte, Pablo Osuna, presidente del barrio Nosiglia, expres\u00f3 que es un orgullo recibir el acto central de la fecha patria: \u201cTrabajamos todos los d\u00edas para mejorar el barrio y que hoy venga la ciudad a celebrarlo ac\u00e1 nos llena de felicidad.\u201d<\/p>\n\n\n\n<p>El encuentro no solo fue protocolar. Para agasajar a los asistentes, se instal\u00f3 un puesto con desayuno popular que incluy\u00f3 tortas fritas y mate cocido. La jornada contin\u00faa con el tradicional Te Deum en la Iglesia Catedral \u00abSan Jos\u00e9\u00bb a las 19:00, en conmemoraci\u00f3n del 209\u00b0 aniversario de la Independencia argentina.<\/p>\n","protected":false},"excerpt":{"rendered":"<p>Este martes 9 de julio, la ciudad conmemor&oacute; un nuevo aniversario de la Declaraci&oacute;n de la Independencia con un acto central en la renovada plaza Karai del barrio Nosiglia. Funcionarios&hellip; <\/p>\n","protected":false},"author":3,"featured_media":34110,"comment_status":"closed","ping_status":"closed","sticky":false,"template":"","format":"standard","meta":{"_monsterinsights_skip_tracking":false,"_monsterinsights_sitenote_active":false,"_monsterinsights_sitenote_note":"","_monsterinsights_sitenote_category":0},"categories":[3],"tags":[22],"aioseo_notices":[],"_links":{"self":[{"href":"https:\/\/radionewsmisiones.ar\/site\/wp-json\/wp\/v2\/posts\/34108"}],"collection":[{"href":"https:\/\/radionewsmisiones.ar\/site\/wp-json\/wp\/v2\/posts"}],"about":[{"href":"https:\/\/radionewsmisiones.ar\/site\/wp-json\/wp\/v2\/types\/post"}],"author":[{"embeddable":true,"href":"https:\/\/radionewsmisiones.ar\/site\/wp-json\/wp\/v2\/users\/3"}],"replies":[{"embeddable":true,"href":"https:\/\/radionewsmisiones.ar\/site\/wp-json\/wp\/v2\/comments?post=34108"}],"version-history":[{"count":1,"href":"https:\/\/radionewsmisiones.ar\/site\/wp-json\/wp\/v2\/posts\/34108\/revisions"}],"predecessor-version":[{"id":34111,"href":"https:\/\/radionewsmisiones.ar\/site\/wp-json\/wp\/v2\/posts\/34108\/revisions\/34111"}],"wp:featuredmedia":[{"embeddable":true,"href":"https:\/\/radionewsmisiones.ar\/site\/wp-json\/wp\/v2\/media\/34110"}],"wp:attachment":[{"href":"https:\/\/radionewsmisiones.ar\/site\/wp-json\/wp\/v2\/media?parent=34108"}],"wp:term":[{"taxonomy":"category","embeddable":true,"href":"https:\/\/radionewsmisiones.ar\/site\/wp-json\/wp\/v2\/categories?post=34108"},{"taxonomy":"post_tag","embeddable":true,"href":"https:\/\/radionewsmisiones.ar\/site\/wp-json\/wp\/v2\/tags?post=34108"}],"curies":[{"name":"wp","href":"https:\/\/api.w.org\/{rel}","templated":true}]}}