{"id":34112,"date":"2025-07-10T08:26:30","date_gmt":"2025-07-10T11:26:30","guid":{"rendered":"https:\/\/radionewsmisiones.ar\/site\/?p=34112"},"modified":"2025-07-10T08:26:34","modified_gmt":"2025-07-10T11:26:34","slug":"herrera-ahuad-diserto-en-el-5to-encuentro-del-ciclo-de-salud-mental","status":"publish","type":"post","link":"https:\/\/radionewsmisiones.ar\/site\/provinciales\/herrera-ahuad-diserto-en-el-5to-encuentro-del-ciclo-de-salud-mental\/","title":{"rendered":"Herrera Ahuad disert\u00f3 en el 5to Encuentro del Ciclo de Salud Mental"},"content":{"rendered":"\n<p>La presidente del Superior Tribunal de Justicia,&nbsp;<strong>Rosanna P\u00eda Venchiarutti Sartori<\/strong>, junto a su par el ministro&nbsp;<strong>Juan Manuel D\u00edaz<\/strong>&nbsp;acompa\u00f1aron al Presidente de la C\u00e1mara de Representantes de Misiones, Oscar Herrera Ahuad, en su disertaci\u00f3n sobre&nbsp;<strong>Ley XVII N\u00ba 210<\/strong>&nbsp;<strong>\u201cServicio de Medicina del Estr\u00e9s: marco normativo y funcionamiento\u201d<\/strong><strong>,&nbsp;<\/strong>en el marco del \u00faltimo encuentro del Ciclo de Salud Mental.<\/p>\n\n\n\n<figure class=\"wp-block-image size-large\"><img loading=\"lazy\" width=\"1024\" height=\"683\" src=\"https:\/\/radionewsmisiones.ar\/site\/wp-content\/uploads\/2025\/07\/IMG_4946-1024x683.jpg\" alt=\"\" class=\"wp-image-34113\" srcset=\"https:\/\/radionewsmisiones.ar\/site\/wp-content\/uploads\/2025\/07\/IMG_4946-1024x683.jpg 1024w, https:\/\/radionewsmisiones.ar\/site\/wp-content\/uploads\/2025\/07\/IMG_4946-300x200.jpg 300w, https:\/\/radionewsmisiones.ar\/site\/wp-content\/uploads\/2025\/07\/IMG_4946-768x512.jpg 768w, https:\/\/radionewsmisiones.ar\/site\/wp-content\/uploads\/2025\/07\/IMG_4946-1536x1024.jpg 1536w, https:\/\/radionewsmisiones.ar\/site\/wp-content\/uploads\/2025\/07\/IMG_4946-2048x1365.jpg 2048w\" sizes=\"(max-width: 1024px) 100vw, 1024px\" \/><\/figure>\n\n\n\n<p>La propuesta contempla una serie de encuentros que se realizaron a cargo de referentes del&nbsp;<strong>Ministerio de Salud P\u00fablica, la Municipalidad de Posadas, el Instituto de Previsi\u00f3n Social, y equipos especializados en prevenci\u00f3n de adicciones, prevenci\u00f3n del suicidio y discapacidad.<\/strong><\/p>\n\n\n\n<p>Venchiarutti Sartori dio la bienvenida y dirigi\u00f3 unas palabras a los presentes:<strong>&nbsp;\u201cLos servidores del Poder Judicial generalmente tendemos a dejar de lado nuestras emociones, nuestros dolores, nuestras cuestiones porque pensamos que estamos para servir y eso est\u00e1 muy bien. Pero tenemos que cuidarnos para seguir sirviendo.\u201d<\/strong><strong><\/strong><\/p>\n\n\n\n<p><strong>\u201cTambi\u00e9n necesitamos cuidar a los que nos cuidan y pensamos que no solamente esas personas son las que necesitan mu\u00f1irse de herramientas para evitar el estr\u00e9s y el malestar.&nbsp;Hemos buscado un mont\u00f3n de herramientas y hemos encontrado que la Legislatura ha dictado una Ley. Empezamos en el Poder Judicial con Lenguaje Claro y tenemos la Ley. Seguimos por Salud Mental y tenemos esta Ley. Vaya si no estamos conectados\u201d<\/strong>,&nbsp;remarc\u00f3 la Magistrada.<\/p>\n\n\n\n<p><strong>Herrera Ahuad<\/strong>, por su parte, agradeci\u00f3 la invitaci\u00f3n para compartir de qu\u00e9 se trata la Ley y destac\u00f3 que<strong>&nbsp;\u201cse abord\u00f3 estas tem\u00e1ticas de una manera m\u00e1s global a partir de la pandemia, que nos hizo un cambio de paradigma\u201d.<\/strong><\/p>\n\n\n\n<p>En relaci\u00f3n a las palabras de la Presidente, expres\u00f3 que tanto el Poder Judicial como el Poder Legislativo,<strong>&nbsp;\u201cestamos en consonancia, cuando no necesitas hablar y s\u00f3lo interpretar el sentido l\u00f3gico del lugar donde est\u00e1s\u201d.<\/strong><\/p>\n\n\n\n<p><strong>\u201cLa pandemia peg\u00f3 de lleno y ese golpe fue tan profundo. Pero hoy la ciencia, el mundo en el que vivimos nos ha dado grandes posibilidades y tener conductas anticipatorias. Cada vez vivimos en un mundo m\u00e1s globalizado, que nos genera mucho m\u00e1s influjos diarios de bombardeos constantes, tel\u00e9fonos inteligentes, inteligencia artificial, fake news. Tambi\u00e9n esta Ley tiene contemplado el abordaje desde ese punto de vista\u201d<\/strong>, concluy\u00f3 Herrera Ahuad.<\/p>\n\n\n\n<p>Continuando con su disertaci\u00f3n, el Presidente de la C\u00e1mara de Diputados Provincial, explic\u00f3 la importancia de contar con esta Ley de Salud Mental:<strong>&nbsp;\u201cEntiendo que es una gran herramienta, desde ya, es una gran inversi\u00f3n que viene a ordenar y a trabajar con equipos multidisciplinarios que hoy ya cuenta la Salud P\u00fablica Provincial. Estamos ante una inversi\u00f3n muy importante que tiene que ver con la salud de las personas de la Provincia\u201d.<\/strong><\/p>\n\n\n\n<p>Para finalizar se refiri\u00f3 punto por punto a los programas dentro de la Ley explicando su implementaci\u00f3n en todos los \u00e1mbitos de la Provincia:&nbsp;<strong>\u201cDentro de lo que es uno de los Programas, que es el de Meditaci\u00f3n, que va al coraz\u00f3n m\u00e1s sensible de los j\u00f3venes, apuntamos que se pueda implementar una parte v\u00eda online y otra presencial en las Escuelas, en los jardines infantes, en el nivel primario y secundario, en las instituciones como estas dando este tipo de charlas y capacitaciones para visibilizar y otras un poco m\u00e1s t\u00e9cnicas para ir al otro \u00e1mbito laboral\u201d.<\/strong><\/p>\n\n\n\n<p>Finalmente agreg\u00f3:<strong>&nbsp;\u201cDespu\u00e9s est\u00e1 el Programa del Manejo del Estr\u00e9s que es integral y pone a disposici\u00f3n lo que es el manejo de aquella persona que comienza a tener signos, una cuesti\u00f3n personalizada y resolviendo esa problem\u00e1tica de manera puntual\u201d.<\/strong><\/p>\n\n\n\n<p><strong>\u201cEsta es la primer Ley en nuestro pa\u00eds en abordar este Servicio de la Medicina del Estr\u00e9s. Es para que nuestros j\u00f3venes sepan c\u00f3mo manejar diferentes tipos de situaciones dif\u00edciles que nos tocan afrontar seg\u00fan la edad que cada uno tenga. Esta Ley les va a dar esta herramienta<\/strong>\u201d, cerr\u00f3 su alocuci\u00f3n Oscar Herrera Ahuad invitando a compartir y apropiarse de la Ley.<\/p>\n\n\n\n<p><strong><u>Para profundizar:<\/u><\/strong><\/p>\n\n\n\n<p>Este ciclo, impulsado por el Centro de Capacitaci\u00f3n con la valiosa colaboraci\u00f3n del especialista en&nbsp;<strong>Psicolog\u00eda Sebasti\u00e1n Bachmann<\/strong>, tiene como prop\u00f3sito fortalecer tanto las capacidades institucionales como personales en materia de salud mental. Buscando promover pr\u00e1cticas laborales saludables, sostenibles y emp\u00e1ticas dentro del \u00e1mbito judicial.<\/p>\n\n\n\n<p>Cada actividad se enmarca en una pol\u00edtica de prevenci\u00f3n y promoci\u00f3n del bienestar, partiendo de la convicci\u00f3n de que el cuidado de quienes integran el sistema de justicia es esencial para garantizar intervenciones eficaces, humanas y comprometidas.<\/p>\n\n\n\n<p>En la oportunidad, estuvieron presentes magistrados, funcionarios y agentes judiciales de las cinco circunscripciones judiciales que acompa\u00f1aron de manera presencial y v\u00eda Zoom.<\/p>\n","protected":false},"excerpt":{"rendered":"<p>La presidente del Superior Tribunal de Justicia,&nbsp;Rosanna P&iacute;a Venchiarutti Sartori, junto a su par el ministro&nbsp;Juan Manuel D&iacute;az&nbsp;acompa&ntilde;aron al Presidente de la C&aacute;mara de Representantes de Misiones, Oscar Herrera Ahuad,&hellip; <\/p>\n","protected":false},"author":3,"featured_media":34114,"comment_status":"closed","ping_status":"closed","sticky":false,"template":"","format":"standard","meta":{"_monsterinsights_skip_tracking":false,"_monsterinsights_sitenote_active":false,"_monsterinsights_sitenote_note":"","_monsterinsights_sitenote_category":0},"categories":[3],"tags":[29],"aioseo_notices":[],"_links":{"self":[{"href":"https:\/\/radionewsmisiones.ar\/site\/wp-json\/wp\/v2\/posts\/34112"}],"collection":[{"href":"https:\/\/radionewsmisiones.ar\/site\/wp-json\/wp\/v2\/posts"}],"about":[{"href":"https:\/\/radionewsmisiones.ar\/site\/wp-json\/wp\/v2\/types\/post"}],"author":[{"embeddable":true,"href":"https:\/\/radionewsmisiones.ar\/site\/wp-json\/wp\/v2\/users\/3"}],"replies":[{"embeddable":true,"href":"https:\/\/radionewsmisiones.ar\/site\/wp-json\/wp\/v2\/comments?post=34112"}],"version-history":[{"count":1,"href":"https:\/\/radionewsmisiones.ar\/site\/wp-json\/wp\/v2\/posts\/34112\/revisions"}],"predecessor-version":[{"id":34115,"href":"https:\/\/radionewsmisiones.ar\/site\/wp-json\/wp\/v2\/posts\/34112\/revisions\/34115"}],"wp:featuredmedia":[{"embeddable":true,"href":"https:\/\/radionewsmisiones.ar\/site\/wp-json\/wp\/v2\/media\/34114"}],"wp:attachment":[{"href":"https:\/\/radionewsmisiones.ar\/site\/wp-json\/wp\/v2\/media?parent=34112"}],"wp:term":[{"taxonomy":"category","embeddable":true,"href":"https:\/\/radionewsmisiones.ar\/site\/wp-json\/wp\/v2\/categories?post=34112"},{"taxonomy":"post_tag","embeddable":true,"href":"https:\/\/radionewsmisiones.ar\/site\/wp-json\/wp\/v2\/tags?post=34112"}],"curies":[{"name":"wp","href":"https:\/\/api.w.org\/{rel}","templated":true}]}}