{"id":34116,"date":"2025-07-10T08:27:32","date_gmt":"2025-07-10T11:27:32","guid":{"rendered":"https:\/\/radionewsmisiones.ar\/site\/?p=34116"},"modified":"2025-07-10T08:27:33","modified_gmt":"2025-07-10T11:27:33","slug":"inauguracion-de-nuevas-instalaciones-en-ruiz-de-montoya","status":"publish","type":"post","link":"https:\/\/radionewsmisiones.ar\/site\/provinciales\/inauguracion-de-nuevas-instalaciones-en-ruiz-de-montoya\/","title":{"rendered":"Inauguraci\u00f3n de nuevas instalaciones en Ruiz de Montoya"},"content":{"rendered":"\n<p>Este martes la presidente del Superior Tribunal de Justicia, Rosanna P\u00eda Venchiarutti Sartori, junto a su par el ministro Juan Manuel D\u00edaz; el gobernador de la Provincia, Mario Hugo Passalacqua; el presidente de la C\u00e1mara de Representantes de la Provincia, Oscar Herrera Ahuad; el intendente de la localidad, Victor Vogel y la jueza de la repartici\u00f3n Claudia Oliver, inauguraron las nuevas instalaciones del Juzgado de Paz de la localidad de Ruiz de Montoya, cuarta circunscripci\u00f3n de la Provincia.<\/p>\n\n\n\n<figure class=\"wp-block-image size-large\"><img loading=\"lazy\" width=\"1024\" height=\"683\" src=\"https:\/\/radionewsmisiones.ar\/site\/wp-content\/uploads\/2025\/07\/IMG_4880-1024x683.jpg\" alt=\"\" class=\"wp-image-34117\" srcset=\"https:\/\/radionewsmisiones.ar\/site\/wp-content\/uploads\/2025\/07\/IMG_4880-1024x683.jpg 1024w, https:\/\/radionewsmisiones.ar\/site\/wp-content\/uploads\/2025\/07\/IMG_4880-300x200.jpg 300w, https:\/\/radionewsmisiones.ar\/site\/wp-content\/uploads\/2025\/07\/IMG_4880-768x512.jpg 768w, https:\/\/radionewsmisiones.ar\/site\/wp-content\/uploads\/2025\/07\/IMG_4880-1536x1024.jpg 1536w, https:\/\/radionewsmisiones.ar\/site\/wp-content\/uploads\/2025\/07\/IMG_4880-2048x1365.jpg 2048w\" sizes=\"(max-width: 1024px) 100vw, 1024px\" \/><\/figure>\n\n\n\n<p>La presidente del Superior Tribunal de Justicia dio unas palabras de bienvenida, destacando:&nbsp;<em>\u201cMuch\u00edsimas gracias, pueblo de Ruiz de Montoya. Son los primeros invitados, y son los m\u00e1s importantes. Estamos ac\u00e1 reinaugurando, porque ya lo ten\u00edamos, un Juzgado de Paz, y es por eso que estamos todos juntos hoy ac\u00e1, porque solo trabajamos en paz\u201d.<\/em><\/p>\n\n\n\n<p>Continu\u00f3:&nbsp;<em>\u201cYo quisiera que sepan, que entiendan, que lo que queremos decir, lo decimos en forma sencilla. Y me detengo en esto: en la sencillez. El pueblo de Misiones y el Poder Judicial son sencillos, es nuestra caracter\u00edstica. Hace mucho dejamos atr\u00e1s los lenguajes muy t\u00e9cnicos. Queremos llegar a ustedes, queremos que ustedes nos entiendan, y tambi\u00e9n poder entenderlos. Entonces, estas instalaciones, est\u00e1n hechas con el fruto de la tierra del pueblo misionero, que es la madera, es el ejemplo m\u00e1s claro de que en la sencillez se abarca todo\u201d.<\/em><\/p>\n\n\n\n<p>Finalizando asegur\u00f3: \u201cAqu\u00ed adentro, se\u00f1ores, ustedes van a encontrar servicio de justicia, vocaci\u00f3n de servicio, much\u00edsima valent\u00eda y compromiso. Cualidades indispensables para pertenecer al Poder Judicial. Ac\u00e1, un d\u00eda antes del 9 de julio, sepa el pueblo de Ruiz de Montoya que en este lugar hay patria, vengan, consulten, pidan, reclamen. Y si no se les responde como corresponde, h\u00e1ganoslo saber, porque juramos por la provincia, juramos por el pa\u00eds y por una Constituci\u00f3n Provincial. As\u00ed que disfruten, \u00fasenlo, y sepan que este Poder Judicial, as\u00ed sencillo, los lleva hasta arriba, en el costado izquierdo. A veces lejos, pero nunca olvidados\u201d.<\/p>\n\n\n\n<p>El intendente de la localidad, explic\u00f3 que: \u201cPara Ruiz de Montoya realmente es un halago que nos visiten los tres poderes de la Provincia. Hasta el d\u00eda de la fecha, el juzgado funcionaba dentro del edificio municipal, desde hoy funciona de forma independiente, en un lugar id\u00f3neo, cerca de la comisar\u00eda y el Honorable Concejo Deliberante, centro de Luis de Montoya. A cada uno de ustedes, much\u00edsimas gracias, por hacerse presente hoy y por acompa\u00f1ar esto que para nosotros realmente es un orgullo\u201d.<\/p>\n\n\n\n<p>Para finalizar el gobernador de la Provincia destac\u00f3: \u201cTrabajar juntos los poderes hace que el Estado sea el que la gente necesita para ser un poco m\u00e1s feliz cada d\u00eda, es bien com\u00fan. Por eso la Administraci\u00f3n de Justicia en Misiones para m\u00ed es ejemplar, tenemos un gran servicio de justicia y tenemos un pueblo legislativo que funciona de maravilla\u201d.<\/p>\n\n\n\n<p>En el acto, luego de la bendici\u00f3n del edificio a cargo del cura p\u00e1rroco Horacio Fresco, las autoridades procedieron al tradicional corte de cinta y el descubrimiento de la placa recordatoria.<\/p>\n\n\n\n<p>El acto finaliz\u00f3 con un recorrido de las nuevas instalaciones del Juzgado.<\/p>\n\n\n\n<p>De esta manera, Misiones contin\u00faa trabajando mancomunadamente con los tres Poderes para la creaci\u00f3n de nuevos espacios e instalaciones, los cuales funcionan en beneficio de los 4.300 habitantes locales que concurren para la realizaci\u00f3n de tr\u00e1mites y diligencias inherentes a su funci\u00f3n.<\/p>\n\n\n\n<p>Los Juzgados de Paz funcionan como contacto directo con la poblaci\u00f3n, actuando como preventores en casos de violencia y receptores directos de las inquietudes de los ciudadanos. Para cada caso se aplican los protocolos de violencia de g\u00e9nero y de atenci\u00f3n a ni\u00f1os, ni\u00f1as y adolescentes, entre otras actividades.<\/p>\n\n\n\n<p>Estuvieron presentes, adem\u00e1s, Mar\u00eda Jos\u00e9 Bustos, presidente de la Asociaci\u00f3n de Magistrados y Funcionarios del Poder Judicial; Mario Francisco Ben\u00edtez, juez suplente; Marcelo Gabriel P\u00e9rez, ministro secretario de Gobierno, y el presidente del IPRODHA, Juan Carlos Pereira, representantes de los Poderes Ejecutivo y Legislativo Provincial, magistrados, funcionarios, agentes judiciales y miembros de la comunidad de Antonio Ruiz de Montoya quienes acompa\u00f1aron en la ceremonia.&nbsp;<\/p>\n","protected":false},"excerpt":{"rendered":"<p>Este martes la presidente del Superior Tribunal de Justicia, Rosanna P&iacute;a Venchiarutti Sartori, junto a su par el ministro Juan Manuel D&iacute;az; el gobernador de la Provincia, Mario Hugo Passalacqua;&hellip; <\/p>\n","protected":false},"author":3,"featured_media":34118,"comment_status":"closed","ping_status":"closed","sticky":false,"template":"","format":"standard","meta":{"_monsterinsights_skip_tracking":false,"_monsterinsights_sitenote_active":false,"_monsterinsights_sitenote_note":"","_monsterinsights_sitenote_category":0},"categories":[3],"tags":[29],"aioseo_notices":[],"_links":{"self":[{"href":"https:\/\/radionewsmisiones.ar\/site\/wp-json\/wp\/v2\/posts\/34116"}],"collection":[{"href":"https:\/\/radionewsmisiones.ar\/site\/wp-json\/wp\/v2\/posts"}],"about":[{"href":"https:\/\/radionewsmisiones.ar\/site\/wp-json\/wp\/v2\/types\/post"}],"author":[{"embeddable":true,"href":"https:\/\/radionewsmisiones.ar\/site\/wp-json\/wp\/v2\/users\/3"}],"replies":[{"embeddable":true,"href":"https:\/\/radionewsmisiones.ar\/site\/wp-json\/wp\/v2\/comments?post=34116"}],"version-history":[{"count":1,"href":"https:\/\/radionewsmisiones.ar\/site\/wp-json\/wp\/v2\/posts\/34116\/revisions"}],"predecessor-version":[{"id":34119,"href":"https:\/\/radionewsmisiones.ar\/site\/wp-json\/wp\/v2\/posts\/34116\/revisions\/34119"}],"wp:featuredmedia":[{"embeddable":true,"href":"https:\/\/radionewsmisiones.ar\/site\/wp-json\/wp\/v2\/media\/34118"}],"wp:attachment":[{"href":"https:\/\/radionewsmisiones.ar\/site\/wp-json\/wp\/v2\/media?parent=34116"}],"wp:term":[{"taxonomy":"category","embeddable":true,"href":"https:\/\/radionewsmisiones.ar\/site\/wp-json\/wp\/v2\/categories?post=34116"},{"taxonomy":"post_tag","embeddable":true,"href":"https:\/\/radionewsmisiones.ar\/site\/wp-json\/wp\/v2\/tags?post=34116"}],"curies":[{"name":"wp","href":"https:\/\/api.w.org\/{rel}","templated":true}]}}