{"id":34166,"date":"2025-07-11T08:02:04","date_gmt":"2025-07-11T11:02:04","guid":{"rendered":"https:\/\/radionewsmisiones.ar\/site\/?p=34166"},"modified":"2025-07-11T08:02:16","modified_gmt":"2025-07-11T11:02:16","slug":"nuevas-paradas-de-transporte-urbano-sobre-colectora-de-av-quaranta","status":"publish","type":"post","link":"https:\/\/radionewsmisiones.ar\/site\/provinciales\/nuevas-paradas-de-transporte-urbano-sobre-colectora-de-av-quaranta\/","title":{"rendered":"Nuevas paradas de transporte urbano sobre colectora de Av. Quaranta"},"content":{"rendered":"\n<p>El Municipio informa que dispuso el traslado de diversas paradas de colectivos que anteriormente se encontraban sobre la calzada principal de la Ruta Nacional 12, hacia la colectora de la Avenida Quaranta.<\/p>\n\n\n\n<figure class=\"wp-block-image size-full\"><img loading=\"lazy\" width=\"391\" height=\"690\" src=\"https:\/\/radionewsmisiones.ar\/site\/wp-content\/uploads\/2025\/07\/colectiva.jpg\" alt=\"\" class=\"wp-image-34167\" srcset=\"https:\/\/radionewsmisiones.ar\/site\/wp-content\/uploads\/2025\/07\/colectiva.jpg 391w, https:\/\/radionewsmisiones.ar\/site\/wp-content\/uploads\/2025\/07\/colectiva-170x300.jpg 170w\" sizes=\"(max-width: 391px) 100vw, 391px\" \/><\/figure>\n\n\n\n<p>Esta modificaci\u00f3n responde a la necesidad de mejorar la seguridad vial y optimizar el flujo del tr\u00e1nsito, especialmente en horarios de mayor circulaci\u00f3n. Adem\u00e1s, brinda a los pasajeros espacios m\u00e1s seguros y c\u00f3modos para el ascenso y descenso de los colectivos.<br>L\u00edneas y ramales incluidos en el cambio: L\u00ednea 8 \u2013 Nemesio Parma; L\u00ednea 91 \u2013 Bicentenario; L\u00ednea 92 \u2013 Centro Correntino; L\u00ednea 90 \u2013 Club Vial; L\u00ednea 110 \u2013 Itaemb\u00e9 Guaz\u00fa, 508 Viviendas por Cruz del Sur, Hip\u00f3dromo, Sector 9; L\u00ednea 508 \u2013 508 Viviendas por Itaemb\u00e9 Guaz\u00fa; L\u00ednea 202 \u2013 Itaemb\u00e9 Min\u00ed \u2013 El Brete; L\u00ednea 310 \u2013 Nemesio Parma y 508 Viviendas.<br>Este tipo de acciones se enmarcan en la pol\u00edtica municipal de movilidad segura e inclusiva, priorizando la protecci\u00f3n de peatones, ciclistas, motociclistas y automovilistas que recorren la ciudad diariamente.<\/p>\n","protected":false},"excerpt":{"rendered":"<p>El Municipio informa que dispuso el traslado de diversas paradas de colectivos que anteriormente se encontraban sobre la calzada principal de la Ruta Nacional 12, hacia la colectora de la&hellip; <\/p>\n","protected":false},"author":3,"featured_media":34167,"comment_status":"closed","ping_status":"closed","sticky":false,"template":"","format":"standard","meta":{"_monsterinsights_skip_tracking":false,"_monsterinsights_sitenote_active":false,"_monsterinsights_sitenote_note":"","_monsterinsights_sitenote_category":0},"categories":[3],"tags":[22],"aioseo_notices":[],"_links":{"self":[{"href":"https:\/\/radionewsmisiones.ar\/site\/wp-json\/wp\/v2\/posts\/34166"}],"collection":[{"href":"https:\/\/radionewsmisiones.ar\/site\/wp-json\/wp\/v2\/posts"}],"about":[{"href":"https:\/\/radionewsmisiones.ar\/site\/wp-json\/wp\/v2\/types\/post"}],"author":[{"embeddable":true,"href":"https:\/\/radionewsmisiones.ar\/site\/wp-json\/wp\/v2\/users\/3"}],"replies":[{"embeddable":true,"href":"https:\/\/radionewsmisiones.ar\/site\/wp-json\/wp\/v2\/comments?post=34166"}],"version-history":[{"count":1,"href":"https:\/\/radionewsmisiones.ar\/site\/wp-json\/wp\/v2\/posts\/34166\/revisions"}],"predecessor-version":[{"id":34168,"href":"https:\/\/radionewsmisiones.ar\/site\/wp-json\/wp\/v2\/posts\/34166\/revisions\/34168"}],"wp:featuredmedia":[{"embeddable":true,"href":"https:\/\/radionewsmisiones.ar\/site\/wp-json\/wp\/v2\/media\/34167"}],"wp:attachment":[{"href":"https:\/\/radionewsmisiones.ar\/site\/wp-json\/wp\/v2\/media?parent=34166"}],"wp:term":[{"taxonomy":"category","embeddable":true,"href":"https:\/\/radionewsmisiones.ar\/site\/wp-json\/wp\/v2\/categories?post=34166"},{"taxonomy":"post_tag","embeddable":true,"href":"https:\/\/radionewsmisiones.ar\/site\/wp-json\/wp\/v2\/tags?post=34166"}],"curies":[{"name":"wp","href":"https:\/\/api.w.org\/{rel}","templated":true}]}}