{"id":34421,"date":"2025-07-24T07:11:07","date_gmt":"2025-07-24T10:11:07","guid":{"rendered":"https:\/\/radionewsmisiones.ar\/site\/?p=34421"},"modified":"2025-07-24T07:11:29","modified_gmt":"2025-07-24T10:11:29","slug":"mirar-mejor-fue-a-bonpland-y-ya-llego-a-40-comunas-con-servicios-oftalmologicos-integrales","status":"publish","type":"post","link":"https:\/\/radionewsmisiones.ar\/site\/provinciales\/mirar-mejor-fue-a-bonpland-y-ya-llego-a-40-comunas-con-servicios-oftalmologicos-integrales\/","title":{"rendered":"Mirar Mejor fue a Bonpland y ya lleg\u00f3 a 40 comunas con servicios oftalmol\u00f3gicos integrales"},"content":{"rendered":"\n<p>Mirar Mejor sum\u00f3 esta semana un nuevo destino, Bonpland, el municipio n\u00famero 40 que de la mano de este programa de Gobernaci\u00f3n y coordinado por el IPLyC acerca atenci\u00f3n oftalmol\u00f3gica integral a los vecinos misioneros sin costo alguno.<\/p>\n\n\n\n<figure class=\"wp-block-image size-full\"><img loading=\"lazy\" width=\"1000\" height=\"750\" src=\"https:\/\/radionewsmisiones.ar\/site\/wp-content\/uploads\/2025\/07\/Mirar-Mejor-Bonpland2.jpeg\" alt=\"\" class=\"wp-image-34422\" srcset=\"https:\/\/radionewsmisiones.ar\/site\/wp-content\/uploads\/2025\/07\/Mirar-Mejor-Bonpland2.jpeg 1000w, https:\/\/radionewsmisiones.ar\/site\/wp-content\/uploads\/2025\/07\/Mirar-Mejor-Bonpland2-300x225.jpeg 300w, https:\/\/radionewsmisiones.ar\/site\/wp-content\/uploads\/2025\/07\/Mirar-Mejor-Bonpland2-768x576.jpeg 768w\" sizes=\"(max-width: 1000px) 100vw, 1000px\" \/><\/figure>\n\n\n\n<p>Este mi\u00e9rcoles, m\u00e1s de 60 vecinos de la comuna accedieron a consultas, derivaciones, diagn\u00f3sticos y anteojos acordes a los requerimientos m\u00e9dicos seg\u00fan el caso. En la jornada, la mayor\u00eda de las preguntas realizadas por los pacientes fue por inconvenientes para ver de cerca, hecho que genera molestias, cansancio y dolores de cabeza, por ejemplo, ante prolongados per\u00edodos de tiempo frente a las pantallas o de lecturas.<\/p>\n\n\n\n<p>Marcelo Herculano, uno de los vecinos que asisti\u00f3 al operativo, cont\u00f3 que \u201chace un mes pr\u00e1cticamente no miro ni ocupo el celular, porque no pod\u00eda, me molestaba la vista, ve\u00eda todo borroso. Entonces vine al operativo para hacerme un control, que hace dos a\u00f1os fue la \u00faltima vez. No esperaba irme con unos anteojos, as\u00ed que autom\u00e1ticamente sent\u00ed el cambio, el alivio que desde hace tiempo no sent\u00eda\u201d.<\/p>\n\n\n\n<p>Julia Morales, en tanto, coment\u00f3 que \u201chace a\u00f1os me hice controles de la vista, pero no consideraba que necesitaba usar anteojos, hasta que comenc\u00e9 a sentir molestias. Ahora, por primera vez usar\u00e9 anteojos y volver\u00e9 a trabajar cosiendo y a leer la Biblia\u201d.<\/p>\n\n\n\n<p>Al respecto, el presidente del IPLyC, H\u00e9ctor Rojas Decut, expres\u00f3: \u201cMirar Mejor no es s\u00f3lo atenci\u00f3n m\u00e9dica: es una herramienta de inclusi\u00f3n, una ayuda concreta que transforma la vida de miles de misioneros y misioneras. Programas como este muestran c\u00f3mo los recursos bien administrados pueden generar verdadero impacto social\u201d.<\/p>\n\n\n\n<p>Como se mencion\u00f3, ya son 40 los municipios a los que lleg\u00f3 este programa que arranc\u00f3 el pasado 20 de agosto. Desde aquella fecha, ya son m\u00e1s de 2.900 pacientes que accedieron a esta propuesta \u00fanica en su tipo en el pa\u00eds, con diagn\u00f3sticos espec\u00edficos, recomendaciones, derivaciones y anteojos, en este \u00faltimo caso, con m\u00e1s de 2.650 entregas de lentes que mejoraron la calidad de vida, con un gran objetivo, que m\u00e1s misioneros puedan mirar mejor. El mi\u00e9rcoles 6 ser\u00e1 el turno de Caraguatay.<\/p>\n","protected":false},"excerpt":{"rendered":"<p>Mirar Mejor sum&oacute; esta semana un nuevo destino, Bonpland, el municipio n&uacute;mero 40 que de la mano de este programa de Gobernaci&oacute;n y coordinado por el IPLyC acerca atenci&oacute;n oftalmol&oacute;gica&hellip; <\/p>\n","protected":false},"author":3,"featured_media":34423,"comment_status":"closed","ping_status":"closed","sticky":false,"template":"","format":"standard","meta":{"_monsterinsights_skip_tracking":false,"_monsterinsights_sitenote_active":false,"_monsterinsights_sitenote_note":"","_monsterinsights_sitenote_category":0},"categories":[3],"tags":[173],"aioseo_notices":[],"_links":{"self":[{"href":"https:\/\/radionewsmisiones.ar\/site\/wp-json\/wp\/v2\/posts\/34421"}],"collection":[{"href":"https:\/\/radionewsmisiones.ar\/site\/wp-json\/wp\/v2\/posts"}],"about":[{"href":"https:\/\/radionewsmisiones.ar\/site\/wp-json\/wp\/v2\/types\/post"}],"author":[{"embeddable":true,"href":"https:\/\/radionewsmisiones.ar\/site\/wp-json\/wp\/v2\/users\/3"}],"replies":[{"embeddable":true,"href":"https:\/\/radionewsmisiones.ar\/site\/wp-json\/wp\/v2\/comments?post=34421"}],"version-history":[{"count":1,"href":"https:\/\/radionewsmisiones.ar\/site\/wp-json\/wp\/v2\/posts\/34421\/revisions"}],"predecessor-version":[{"id":34424,"href":"https:\/\/radionewsmisiones.ar\/site\/wp-json\/wp\/v2\/posts\/34421\/revisions\/34424"}],"wp:featuredmedia":[{"embeddable":true,"href":"https:\/\/radionewsmisiones.ar\/site\/wp-json\/wp\/v2\/media\/34423"}],"wp:attachment":[{"href":"https:\/\/radionewsmisiones.ar\/site\/wp-json\/wp\/v2\/media?parent=34421"}],"wp:term":[{"taxonomy":"category","embeddable":true,"href":"https:\/\/radionewsmisiones.ar\/site\/wp-json\/wp\/v2\/categories?post=34421"},{"taxonomy":"post_tag","embeddable":true,"href":"https:\/\/radionewsmisiones.ar\/site\/wp-json\/wp\/v2\/tags?post=34421"}],"curies":[{"name":"wp","href":"https:\/\/api.w.org\/{rel}","templated":true}]}}