{"id":34451,"date":"2025-07-25T07:26:15","date_gmt":"2025-07-25T10:26:15","guid":{"rendered":"https:\/\/radionewsmisiones.ar\/site\/?p=34451"},"modified":"2025-07-25T07:26:28","modified_gmt":"2025-07-25T10:26:28","slug":"regreso-a-las-aulas-recomendaciones-para-prevenir-enfermedades-respiratorias-tras-el-receso-invernal","status":"publish","type":"post","link":"https:\/\/radionewsmisiones.ar\/site\/provinciales\/regreso-a-las-aulas-recomendaciones-para-prevenir-enfermedades-respiratorias-tras-el-receso-invernal\/","title":{"rendered":"Regreso a las aulas: recomendaciones para prevenir enfermedades respiratorias tras el receso invernal"},"content":{"rendered":"\n<p>Con la aproximaci\u00f3n del final del receso invernal y el regreso a las actividades escolares presenciales, es fundamental reforzar las medidas de prevenci\u00f3n para evitar la propagaci\u00f3n de virus estacionales, como la gripe, el virus sincicial respiratorio (VSR) y el covid 19, entre otros.<\/p>\n\n\n\n<figure class=\"wp-block-image size-full\"><img loading=\"lazy\" width=\"1024\" height=\"668\" src=\"https:\/\/radionewsmisiones.ar\/site\/wp-content\/uploads\/2025\/07\/recomendacion1.jpg\" alt=\"\" class=\"wp-image-34452\" srcset=\"https:\/\/radionewsmisiones.ar\/site\/wp-content\/uploads\/2025\/07\/recomendacion1.jpg 1024w, https:\/\/radionewsmisiones.ar\/site\/wp-content\/uploads\/2025\/07\/recomendacion1-300x196.jpg 300w, https:\/\/radionewsmisiones.ar\/site\/wp-content\/uploads\/2025\/07\/recomendacion1-768x501.jpg 768w\" sizes=\"(max-width: 1024px) 100vw, 1024px\" \/><\/figure>\n\n\n\n<p><br>Durante los meses de fr\u00edo, es com\u00fan el aumento de enfermedades respiratorias que afectan especialmente a ni\u00f1os, ni\u00f1as y personas con factores de riesgo. Por eso, desde el \u00e1mbito sanitario se recomienda mantener una serie de cuidados b\u00e1sicos pero efectivos que ayudan a proteger la salud de toda la comunidad.<\/p>\n\n\n\n<p>Principales recomendaciones:<br>\uf0b7 Asegurar la circulaci\u00f3n de aire en las aulas y espacios comunes, aun en d\u00edas de fr\u00edo.<br>La ventilaci\u00f3n frecuente reduce la concentraci\u00f3n de virus en ambientes cerrados.<br>\uf0b7 Promover el lavado frecuente de manos con agua y jab\u00f3n, o el uso de alcohol en<br>gel, especialmente antes de comer, despu\u00e9s de sonarse la nariz, toser o estornudar.<br>\uf0b7 Ense\u00f1ar y recordar cubrirse con el pliegue del codo al toser o estornudar, y<br>desechar los pa\u00f1uelos descartables despu\u00e9s de usarlos.<br>\uf0b7 Verificar que el calendario de vacunaci\u00f3n se encuentre actualizado correspondiente<br>a la edad que tenga.<\/p>\n\n\n\n<p>\uf0b7 En casos de presentar fiebre, congesti\u00f3n, tos persistente, dolor de garganta u otros<br>s\u00edntomas respiratorios, consultar con un profesional de la salud para su evaluaci\u00f3n.<\/p>\n\n\n\n<p><br>Con peque\u00f1as acciones cotidianas, es posible reducir significativamente la circulaci\u00f3n de virus y proteger as\u00ed a la comunidad en general.<\/p>\n","protected":false},"excerpt":{"rendered":"<p>Con la aproximaci&oacute;n del final del receso invernal y el regreso a las actividades escolares presenciales, es fundamental reforzar las medidas de prevenci&oacute;n para evitar la propagaci&oacute;n de virus estacionales,&hellip; <\/p>\n","protected":false},"author":3,"featured_media":34452,"comment_status":"closed","ping_status":"closed","sticky":false,"template":"","format":"standard","meta":{"_monsterinsights_skip_tracking":false,"_monsterinsights_sitenote_active":false,"_monsterinsights_sitenote_note":"","_monsterinsights_sitenote_category":0},"categories":[3],"tags":[19],"aioseo_notices":[],"_links":{"self":[{"href":"https:\/\/radionewsmisiones.ar\/site\/wp-json\/wp\/v2\/posts\/34451"}],"collection":[{"href":"https:\/\/radionewsmisiones.ar\/site\/wp-json\/wp\/v2\/posts"}],"about":[{"href":"https:\/\/radionewsmisiones.ar\/site\/wp-json\/wp\/v2\/types\/post"}],"author":[{"embeddable":true,"href":"https:\/\/radionewsmisiones.ar\/site\/wp-json\/wp\/v2\/users\/3"}],"replies":[{"embeddable":true,"href":"https:\/\/radionewsmisiones.ar\/site\/wp-json\/wp\/v2\/comments?post=34451"}],"version-history":[{"count":1,"href":"https:\/\/radionewsmisiones.ar\/site\/wp-json\/wp\/v2\/posts\/34451\/revisions"}],"predecessor-version":[{"id":34453,"href":"https:\/\/radionewsmisiones.ar\/site\/wp-json\/wp\/v2\/posts\/34451\/revisions\/34453"}],"wp:featuredmedia":[{"embeddable":true,"href":"https:\/\/radionewsmisiones.ar\/site\/wp-json\/wp\/v2\/media\/34452"}],"wp:attachment":[{"href":"https:\/\/radionewsmisiones.ar\/site\/wp-json\/wp\/v2\/media?parent=34451"}],"wp:term":[{"taxonomy":"category","embeddable":true,"href":"https:\/\/radionewsmisiones.ar\/site\/wp-json\/wp\/v2\/categories?post=34451"},{"taxonomy":"post_tag","embeddable":true,"href":"https:\/\/radionewsmisiones.ar\/site\/wp-json\/wp\/v2\/tags?post=34451"}],"curies":[{"name":"wp","href":"https:\/\/api.w.org\/{rel}","templated":true}]}}