{"id":34454,"date":"2025-07-25T07:31:20","date_gmt":"2025-07-25T10:31:20","guid":{"rendered":"https:\/\/radionewsmisiones.ar\/site\/?p=34454"},"modified":"2025-07-25T07:31:34","modified_gmt":"2025-07-25T10:31:34","slug":"passalacqua-lanzo-volar-2025-el-primer-encuentro-internacional-de-observacion-de-aves-de-misiones","status":"publish","type":"post","link":"https:\/\/radionewsmisiones.ar\/site\/provinciales\/passalacqua-lanzo-volar-2025-el-primer-encuentro-internacional-de-observacion-de-aves-de-misiones\/","title":{"rendered":"Passalacqua lanz\u00f3 \u201cVolar 2025\u201d, el primer Encuentro Internacional de observaci\u00f3n de aves de Misiones"},"content":{"rendered":"\n<p>Del 5 al 7 de septiembre, el Gobierno de Misiones invita a participar del primer encuentro internacional de observaci\u00f3n de aves, una experiencia in\u00e9dita en el pa\u00eds y la regi\u00f3n que combina naturaleza, ciencia y turismo. El gobernador Passalacqua lanz\u00f3 este evento de entrada libre y gratuita, que busca consolidar a Misiones como un destino internacional para el avistaje u observaci\u00f3n de aves \u2014conocido tambi\u00e9n como birdwatching\u2014, promoviendo este atractivo como motor del ecoturismo y del desarrollo sostenible dentro de la provincia.<\/p>\n\n\n\n<figure class=\"wp-block-embed is-type-video is-provider-youtube wp-block-embed-youtube wp-embed-aspect-16-9 wp-has-aspect-ratio\"><div class=\"wp-block-embed__wrapper\">\n<iframe loading=\"lazy\" title=\"Llega \u201cVOLAR 2025\u201d a Misiones, el Primer Encuentro Internacional de observaci\u00f3n de aves\" width=\"1110\" height=\"624\" src=\"https:\/\/www.youtube.com\/embed\/uhllk0SEw0E?feature=oembed\" frameborder=\"0\" allow=\"accelerometer; autoplay; clipboard-write; encrypted-media; gyroscope; picture-in-picture; web-share\" referrerpolicy=\"strict-origin-when-cross-origin\" allowfullscreen><\/iframe>\n<\/div><\/figure>\n\n\n\n<p> El gobernador de Misiones, Hugo Passalacqua lanz\u00f3 \u201cVolar 2025\u201d, el primer encuentro internacional de observaci\u00f3n de aves de la provincia, que tendr\u00e1 como epicentro a la ciudad de Puerto Iguaz\u00fa del 5 al 7 de septiembre. Con actividades abiertas al p\u00fablico, salidas a campo, charlas t\u00e9cnicas y espacios de intercambio, el evento apunta a consolidar a Misiones como un destino internacional de avistaje de aves (tambi\u00e9n conocido como birdwatching) y fortalecer as\u00ed el ecoturismo como motor de desarrollo sostenible.<\/p>\n\n\n\n<p>Organizado por el Gobierno de Misiones, a trav\u00e9s del Ministerio de Turismo, en el marco del Programa Provincial de Ruta de las Aves (creado a trav\u00e9s del Decreto 95\/2025), y en articulaci\u00f3n con la Asociaci\u00f3n Aves Argentinas, la iniciativa convoca a observadores de aves, gu\u00edas de turismo, prestadores de servicios, cient\u00edficos, estudiantes y amantes de la naturaleza de todo el pa\u00eds y del exterior; a descubrir, aprender y compartir sobre este fascinante mundo.<\/p>\n\n\n\n<p>\u201cAc\u00e1 en Misiones adem\u00e1s de ver por foto podemos o\u00edr y observar m\u00e1s de 500 especies de aves\u201d, record\u00f3 Passalacqua a trav\u00e9s de sus redes sociales. Por eso, anim\u00f3 a los misioneros y misioneras a prepararse para vivir este encuentro \u00fanico \u201cen nuestra querida provincia, la m\u00e1s biodiversa del pa\u00eds\u201d. \u201cVen\u00ed a verlas, ven\u00ed a Volar\u201d, finaliz\u00f3.<\/p>\n\n\n\n<p>El encuentro, que se desarrollar\u00e1 del 5 al 7 de septiembre de 2025 y tendr\u00e1 como sede central a Puerto Iguaz\u00fa, propone que la naturaleza, la conservaci\u00f3n y el turismo se fusionen para posicionar a la provincia como un verdadero \u201chotspot\u201d de biodiversidad en la regi\u00f3n.<\/p>\n\n\n\n<p>Durante los tres d\u00edas se realizar\u00e1n charlas tem\u00e1ticas, paneles, experiencias locales, ferias de productos vinculados a la biodiversidad y salidas de observaci\u00f3n en sitios estrat\u00e9gicos como el Parque Nacional Iguaz\u00fa, el Parque Provincial Urugua-\u00ed, la Comunidad Mbya \u201cIt\u00e1 Poty Mir\u00ed\u201d y el observatorio sobre la RN 101.<\/p>\n\n\n\n<p>Adem\u00e1s, habr\u00e1 espacios de feria con expositores especializados, como la \u201cFeria Nido\u201d, el \u00e1rea \u201cPajareritos\u201d para los m\u00e1s peque\u00f1os, y un foro de prestadores tur\u00edsticos que permitir\u00e1 generar lazos, compartir herramientas y proyectar nuevos servicios vinculados a la oferta de observaci\u00f3n de aves.<\/p>\n\n\n\n<p>Desde el Estado provincial manifestaron adem\u00e1s que \u201cVolar 2025\u201d es una invitaci\u00f3n gratuita y abierta a todo p\u00fablico, a mirar el cielo, caminar los senderos y a encontrar en cada ave una historia que une turismo, naturaleza, ciencia y cultura. En una provincia que alberga m\u00e1s del 50% de las especies de aves del pa\u00eds, este evento representa una oportunidad \u00fanica para que el destino despliegue su potencial ecotur\u00edstico a escala regional e internacional.<\/p>\n\n\n\n<p>La informaci\u00f3n para inscripciones y paquetes para poder asistir estar\u00e1 disponible pr\u00f3ximamente en las redes oficiales del evento (https:\/\/www.instagram.com\/volar.aves\/) y en la web del Ministerio de Turismo: https:\/\/misiones.tur.ar\/.<\/p>\n","protected":false},"excerpt":{"rendered":"<p>Del 5 al 7 de septiembre, el Gobierno de Misiones invita a participar del primer encuentro internacional de observaci&oacute;n de aves, una experiencia in&eacute;dita en el pa&iacute;s y la regi&oacute;n&hellip; <\/p>\n","protected":false},"author":3,"featured_media":34455,"comment_status":"closed","ping_status":"closed","sticky":false,"template":"","format":"standard","meta":{"_monsterinsights_skip_tracking":false,"_monsterinsights_sitenote_active":false,"_monsterinsights_sitenote_note":"","_monsterinsights_sitenote_category":0},"categories":[3],"tags":[316],"aioseo_notices":[],"_links":{"self":[{"href":"https:\/\/radionewsmisiones.ar\/site\/wp-json\/wp\/v2\/posts\/34454"}],"collection":[{"href":"https:\/\/radionewsmisiones.ar\/site\/wp-json\/wp\/v2\/posts"}],"about":[{"href":"https:\/\/radionewsmisiones.ar\/site\/wp-json\/wp\/v2\/types\/post"}],"author":[{"embeddable":true,"href":"https:\/\/radionewsmisiones.ar\/site\/wp-json\/wp\/v2\/users\/3"}],"replies":[{"embeddable":true,"href":"https:\/\/radionewsmisiones.ar\/site\/wp-json\/wp\/v2\/comments?post=34454"}],"version-history":[{"count":1,"href":"https:\/\/radionewsmisiones.ar\/site\/wp-json\/wp\/v2\/posts\/34454\/revisions"}],"predecessor-version":[{"id":34456,"href":"https:\/\/radionewsmisiones.ar\/site\/wp-json\/wp\/v2\/posts\/34454\/revisions\/34456"}],"wp:featuredmedia":[{"embeddable":true,"href":"https:\/\/radionewsmisiones.ar\/site\/wp-json\/wp\/v2\/media\/34455"}],"wp:attachment":[{"href":"https:\/\/radionewsmisiones.ar\/site\/wp-json\/wp\/v2\/media?parent=34454"}],"wp:term":[{"taxonomy":"category","embeddable":true,"href":"https:\/\/radionewsmisiones.ar\/site\/wp-json\/wp\/v2\/categories?post=34454"},{"taxonomy":"post_tag","embeddable":true,"href":"https:\/\/radionewsmisiones.ar\/site\/wp-json\/wp\/v2\/tags?post=34454"}],"curies":[{"name":"wp","href":"https:\/\/api.w.org\/{rel}","templated":true}]}}