{"id":34457,"date":"2025-07-25T07:33:07","date_gmt":"2025-07-25T10:33:07","guid":{"rendered":"https:\/\/radionewsmisiones.ar\/site\/?p=34457"},"modified":"2025-07-25T07:33:20","modified_gmt":"2025-07-25T10:33:20","slug":"misiones-lanzo-la-segunda-edicion-de-la-campana-yo-freno-por-la-fauna-para-proteger-a-la-fauna-silvestre-y-preservar-toda-su-biodiversidad","status":"publish","type":"post","link":"https:\/\/radionewsmisiones.ar\/site\/provinciales\/misiones-lanzo-la-segunda-edicion-de-la-campana-yo-freno-por-la-fauna-para-proteger-a-la-fauna-silvestre-y-preservar-toda-su-biodiversidad\/","title":{"rendered":"Misiones lanz\u00f3 la segunda edici\u00f3n de la campa\u00f1a \u201cYo freno por la fauna\u201d para proteger a la fauna silvestre y preservar toda su biodiversidad"},"content":{"rendered":"\n<p>El Gobierno de Misiones, a trav\u00e9s del Ministerio de Ecolog\u00eda en conjunto con el IMiBio, lanz\u00f3 la segunda edici\u00f3n de la campa\u00f1a \u201cYo Freno Por La Fauna\u201d. La iniciativa busca reducir los atropellamientos de fauna en rutas provinciales, especialmente durante temporadas de alto tr\u00e1nsito. El lanzamiento se realiz\u00f3 en el Arco de Posadas y continuar\u00e1 en otros puntos estrat\u00e9gicos de la provincia.<\/p>\n\n\n\n<figure class=\"wp-block-image size-large\"><img loading=\"lazy\" width=\"1024\" height=\"681\" src=\"https:\/\/radionewsmisiones.ar\/site\/wp-content\/uploads\/2025\/07\/WhatsApp-Image-2025-07-24-at-16.51.24-1024x681.jpeg\" alt=\"\" class=\"wp-image-34458\" srcset=\"https:\/\/radionewsmisiones.ar\/site\/wp-content\/uploads\/2025\/07\/WhatsApp-Image-2025-07-24-at-16.51.24-1024x681.jpeg 1024w, https:\/\/radionewsmisiones.ar\/site\/wp-content\/uploads\/2025\/07\/WhatsApp-Image-2025-07-24-at-16.51.24-300x199.jpeg 300w, https:\/\/radionewsmisiones.ar\/site\/wp-content\/uploads\/2025\/07\/WhatsApp-Image-2025-07-24-at-16.51.24-768x511.jpeg 768w, https:\/\/radionewsmisiones.ar\/site\/wp-content\/uploads\/2025\/07\/WhatsApp-Image-2025-07-24-at-16.51.24.jpeg 1504w\" sizes=\"(max-width: 1024px) 100vw, 1024px\" \/><\/figure>\n\n\n\n<p>El Gobierno de Misiones puso en marcha una nueva edici\u00f3n de la campa\u00f1a \u201cYo Freno Por La Fauna\u201d. Esta campa\u00f1a, impulsada por el Ministerio de Ecolog\u00eda, en conjunto con el Instituto Misionero de Biodiversidad (IMiBio), busca reducir el n\u00famero de animales silvestres que mueren atropellados en las rutas de la provincia.<\/p>\n\n\n\n<p>Esta propuesta lanzada por segundo a\u00f1o consecutivo, se enmarca en una estrategia integral de preservaci\u00f3n de la biodiversidad y se implementa especialmente en \u00e9pocas del a\u00f1o donde el tr\u00e1nsito vehicular se intensifica, como en las vacaciones de invierno.<\/p>\n\n\n\n<p>Al respecto, el ministro de Ecolog\u00eda, Mart\u00edn Recam\u00e1n, manifest\u00f3 en un operativo en el Puesto Centinela de San Jos\u00e9: \u201cImpulsamos nuevamente esta campa\u00f1a de concientizaci\u00f3n que se denomina \u2018Yo Freno por la Fauna\u2019 y que busca atender la problem\u00e1tica de los atropellamientos de nuestra fauna en las rutas misioneras\u201d. Adem\u00e1s asegur\u00f3 que es importante \u201cinvolucrar a la sociedad y concientizar sobre esta realidad\u201d.<\/p>\n\n\n\n<p>Por su parte, en el mismo operativo de concientizaci\u00f3n, la coordinadora de la campa\u00f1a, Beatriz F\u00fcrstenau, se\u00f1al\u00f3: \u201cEste es el segundo a\u00f1o que realizamos esta campa\u00f1a. El objetivo es justamente concientizar y sensibilizar a la sociedad, principalmente a los conductores, para que se respeten los l\u00edmites de velocidad, respeten la se\u00f1alizaci\u00f3n, los pasafaunas y as\u00ed tambi\u00e9n el uso de las luces correspondientes seg\u00fan las zonas.\u201d<\/p>\n\n\n\n<p>Durante esta edici\u00f3n, las acciones se concentran en zonas estrat\u00e9gicas de ingreso a la provincia, se realizan actividades de educaci\u00f3n y sensibilizaci\u00f3n dirigidas tanto a turistas como a residentes. En estas jornadas se incentiva a que los conductores se sumen a la campa\u00f1a cumpliendo con las normas de tr\u00e1nsito, las se\u00f1alizaciones y los l\u00edmites de velocidad. La campa\u00f1a tambi\u00e9n cuenta con el apoyo del Ministerio de Turismo.<\/p>\n\n\n\n<p>ATENDER UNA REALIDAD QUE PONE EN PELIGRO LA BIODIVERSIDAD MISIONERA<\/p>\n\n\n\n<p>Los atropellamientos en rutas representan una amenaza para la vida silvestre misionera y se convirtieron, junto con la caza furtiva, en una de las principales causas de mortandad de animales en la regi\u00f3n. Esta situaci\u00f3n pone en riesgo a especies de alto valor ecol\u00f3gico, muchas de las cuales ya est\u00e1n clasificadas como amenazadas o en peligro de extinci\u00f3n, como el yaguaret\u00e9, emblema natural tanto de Misiones como del pa\u00eds.<\/p>\n\n\n\n<p>La campa\u00f1a \u201cYo Freno Por La Fauna\u201d busca hacer visible esta problem\u00e1tica y generar un cambio de conducta en los conductores que transitan por la provincia. Especialmente en los tramos de rutas que atraviesan \u00e1reas protegidas, donde la velocidad m\u00e1xima permitida es de 60 km\/h, una medida clave para prevenir atropellamientos. Adem\u00e1s, es indispensable que los conductores respeten las se\u00f1alizaciones.<\/p>\n","protected":false},"excerpt":{"rendered":"<p>El Gobierno de Misiones, a trav&eacute;s del Ministerio de Ecolog&iacute;a en conjunto con el IMiBio, lanz&oacute; la segunda edici&oacute;n de la campa&ntilde;a &ldquo;Yo Freno Por La Fauna&rdquo;. La iniciativa busca&hellip; <\/p>\n","protected":false},"author":3,"featured_media":34459,"comment_status":"closed","ping_status":"closed","sticky":false,"template":"","format":"standard","meta":{"_monsterinsights_skip_tracking":false,"_monsterinsights_sitenote_active":false,"_monsterinsights_sitenote_note":"","_monsterinsights_sitenote_category":0},"categories":[3],"tags":[316],"aioseo_notices":[],"_links":{"self":[{"href":"https:\/\/radionewsmisiones.ar\/site\/wp-json\/wp\/v2\/posts\/34457"}],"collection":[{"href":"https:\/\/radionewsmisiones.ar\/site\/wp-json\/wp\/v2\/posts"}],"about":[{"href":"https:\/\/radionewsmisiones.ar\/site\/wp-json\/wp\/v2\/types\/post"}],"author":[{"embeddable":true,"href":"https:\/\/radionewsmisiones.ar\/site\/wp-json\/wp\/v2\/users\/3"}],"replies":[{"embeddable":true,"href":"https:\/\/radionewsmisiones.ar\/site\/wp-json\/wp\/v2\/comments?post=34457"}],"version-history":[{"count":1,"href":"https:\/\/radionewsmisiones.ar\/site\/wp-json\/wp\/v2\/posts\/34457\/revisions"}],"predecessor-version":[{"id":34460,"href":"https:\/\/radionewsmisiones.ar\/site\/wp-json\/wp\/v2\/posts\/34457\/revisions\/34460"}],"wp:featuredmedia":[{"embeddable":true,"href":"https:\/\/radionewsmisiones.ar\/site\/wp-json\/wp\/v2\/media\/34459"}],"wp:attachment":[{"href":"https:\/\/radionewsmisiones.ar\/site\/wp-json\/wp\/v2\/media?parent=34457"}],"wp:term":[{"taxonomy":"category","embeddable":true,"href":"https:\/\/radionewsmisiones.ar\/site\/wp-json\/wp\/v2\/categories?post=34457"},{"taxonomy":"post_tag","embeddable":true,"href":"https:\/\/radionewsmisiones.ar\/site\/wp-json\/wp\/v2\/tags?post=34457"}],"curies":[{"name":"wp","href":"https:\/\/api.w.org\/{rel}","templated":true}]}}