{"id":34536,"date":"2025-07-29T07:34:22","date_gmt":"2025-07-29T10:34:22","guid":{"rendered":"https:\/\/radionewsmisiones.ar\/site\/?p=34536"},"modified":"2025-07-29T07:34:27","modified_gmt":"2025-07-29T10:34:27","slug":"celebraron-la-primera-decada-de-la-bandera-de-posadas","status":"publish","type":"post","link":"https:\/\/radionewsmisiones.ar\/site\/provinciales\/celebraron-la-primera-decada-de-la-bandera-de-posadas\/","title":{"rendered":"Celebraron la primera d\u00e9cada de la Bandera de Posadas"},"content":{"rendered":"\n<p>La ceremonia fue presidida por el presidente del Honorable Concejo Deliberante, Jair Dib, en representaci\u00f3n del intendente Leonardo Stelatto, y cont\u00f3 con la participaci\u00f3n de funcionarios provinciales y municipales, concejales, fuerzas de seguridad y la presencia de Gemma Rotela, creadora del dise\u00f1o ganador de la bandera posade\u00f1a.<\/p>\n\n\n\n<figure class=\"wp-block-image size-large\"><img loading=\"lazy\" width=\"1024\" height=\"683\" src=\"https:\/\/radionewsmisiones.ar\/site\/wp-content\/uploads\/2025\/07\/WhatsApp-Image-2025-07-28-at-12.24.28-1024x683.jpeg\" alt=\"\" class=\"wp-image-34537\" srcset=\"https:\/\/radionewsmisiones.ar\/site\/wp-content\/uploads\/2025\/07\/WhatsApp-Image-2025-07-28-at-12.24.28-1024x683.jpeg 1024w, https:\/\/radionewsmisiones.ar\/site\/wp-content\/uploads\/2025\/07\/WhatsApp-Image-2025-07-28-at-12.24.28-300x200.jpeg 300w, https:\/\/radionewsmisiones.ar\/site\/wp-content\/uploads\/2025\/07\/WhatsApp-Image-2025-07-28-at-12.24.28-768x512.jpeg 768w, https:\/\/radionewsmisiones.ar\/site\/wp-content\/uploads\/2025\/07\/WhatsApp-Image-2025-07-28-at-12.24.28.jpeg 1200w\" sizes=\"(max-width: 1024px) 100vw, 1024px\" \/><\/figure>\n\n\n\n<p>La bandera fue presentada por primera vez el 28 de julio de 2015, tras el concurso p\u00fablico bajo el lema \u201cLa bandera que imaginas puede ser de todos los posade\u00f1os\u201d, en donde m\u00e1s de 20.000 posade\u00f1os participaron con su voto.<\/p>\n\n\n\n<p>Durante el acto, Dib destac\u00f3 que los emblemas son importantes porque unen, identifican y representan permanentemente lo que la comunidad significa.<br>A diez a\u00f1os de su creaci\u00f3n, la bandera de Posadas flamea como s\u00edmbolo institucional de diversidad e historia. En su dise\u00f1o, incluye colores y elementos representativos: el rojo de la tierra colorada, el azul del r\u00edo Paran\u00e1, un ancla que remite a los or\u00edgenes portuarios, laurel como s\u00edmbolo de crecimiento y esperanza, y manos entrelazadas que evocan la uni\u00f3n entre pueblos guaran\u00edes y jesuitas.<\/p>\n","protected":false},"excerpt":{"rendered":"<p>La ceremonia fue presidida por el presidente del Honorable Concejo Deliberante, Jair Dib, en representaci&oacute;n del intendente Leonardo Stelatto, y cont&oacute; con la participaci&oacute;n de funcionarios provinciales y municipales, concejales,&hellip; <\/p>\n","protected":false},"author":3,"featured_media":34538,"comment_status":"closed","ping_status":"closed","sticky":false,"template":"","format":"standard","meta":{"_monsterinsights_skip_tracking":false,"_monsterinsights_sitenote_active":false,"_monsterinsights_sitenote_note":"","_monsterinsights_sitenote_category":0},"categories":[3],"tags":[22],"aioseo_notices":[],"_links":{"self":[{"href":"https:\/\/radionewsmisiones.ar\/site\/wp-json\/wp\/v2\/posts\/34536"}],"collection":[{"href":"https:\/\/radionewsmisiones.ar\/site\/wp-json\/wp\/v2\/posts"}],"about":[{"href":"https:\/\/radionewsmisiones.ar\/site\/wp-json\/wp\/v2\/types\/post"}],"author":[{"embeddable":true,"href":"https:\/\/radionewsmisiones.ar\/site\/wp-json\/wp\/v2\/users\/3"}],"replies":[{"embeddable":true,"href":"https:\/\/radionewsmisiones.ar\/site\/wp-json\/wp\/v2\/comments?post=34536"}],"version-history":[{"count":1,"href":"https:\/\/radionewsmisiones.ar\/site\/wp-json\/wp\/v2\/posts\/34536\/revisions"}],"predecessor-version":[{"id":34539,"href":"https:\/\/radionewsmisiones.ar\/site\/wp-json\/wp\/v2\/posts\/34536\/revisions\/34539"}],"wp:featuredmedia":[{"embeddable":true,"href":"https:\/\/radionewsmisiones.ar\/site\/wp-json\/wp\/v2\/media\/34538"}],"wp:attachment":[{"href":"https:\/\/radionewsmisiones.ar\/site\/wp-json\/wp\/v2\/media?parent=34536"}],"wp:term":[{"taxonomy":"category","embeddable":true,"href":"https:\/\/radionewsmisiones.ar\/site\/wp-json\/wp\/v2\/categories?post=34536"},{"taxonomy":"post_tag","embeddable":true,"href":"https:\/\/radionewsmisiones.ar\/site\/wp-json\/wp\/v2\/tags?post=34536"}],"curies":[{"name":"wp","href":"https:\/\/api.w.org\/{rel}","templated":true}]}}