{"id":34810,"date":"2025-08-07T07:21:46","date_gmt":"2025-08-07T10:21:46","guid":{"rendered":"https:\/\/radionewsmisiones.ar\/site\/?p=34810"},"modified":"2025-08-07T07:21:58","modified_gmt":"2025-08-07T10:21:58","slug":"8-de-agosto-salud-publica-realizara-operativo-integral-de-salud-en-el-caps-16-santa-rita-de-posadas","status":"publish","type":"post","link":"https:\/\/radionewsmisiones.ar\/site\/provinciales\/8-de-agosto-salud-publica-realizara-operativo-integral-de-salud-en-el-caps-16-santa-rita-de-posadas\/","title":{"rendered":"8 de agosto: Salud P\u00fablica realizar\u00e1 operativo integral de salud en el CAPS 16 Santa Rita de Posadas"},"content":{"rendered":"\n<p>Este viernes, los equipos del Ministerio de Salud P\u00fablica estar\u00e1n brindando atenci\u00f3n en el CAPS 16 del barrio Santa Rita, de 8 a 12 horas.<br>Habr\u00e1 desde atenci\u00f3n m\u00e9dica, odontol\u00f3gica, toma de muestra de pap, laboratorio, asesor\u00edas, entre otros servicios.<br>Las atenciones son por orden de llegada y deben concurrir con DNI y calendario de vacunas para quienes requieran completar esquemas de vacunas.<\/p>\n\n\n\n<figure class=\"wp-block-image size-large\"><img loading=\"lazy\" width=\"1024\" height=\"683\" src=\"https:\/\/radionewsmisiones.ar\/site\/wp-content\/uploads\/2025\/08\/Operativo-Integral-de-Salud-20-1024x683.jpg\" alt=\"\" class=\"wp-image-34811\" srcset=\"https:\/\/radionewsmisiones.ar\/site\/wp-content\/uploads\/2025\/08\/Operativo-Integral-de-Salud-20-1024x683.jpg 1024w, https:\/\/radionewsmisiones.ar\/site\/wp-content\/uploads\/2025\/08\/Operativo-Integral-de-Salud-20-300x200.jpg 300w, https:\/\/radionewsmisiones.ar\/site\/wp-content\/uploads\/2025\/08\/Operativo-Integral-de-Salud-20-768x512.jpg 768w, https:\/\/radionewsmisiones.ar\/site\/wp-content\/uploads\/2025\/08\/Operativo-Integral-de-Salud-20-1536x1024.jpg 1536w, https:\/\/radionewsmisiones.ar\/site\/wp-content\/uploads\/2025\/08\/Operativo-Integral-de-Salud-20-2048x1365.jpg 2048w\" sizes=\"(max-width: 1024px) 100vw, 1024px\" \/><\/figure>\n\n\n\n<p><br>Servicios<br>\uf0b7 Atenci\u00f3n M\u00e9dica Cl\u00ednica y Pedi\u00e1trica<br>\uf0b7 Atenci\u00f3n M\u00e9dica Ginecol\u00f3gica: Consultas, Papanicolaou, Extracci\u00f3n y Colocaci\u00f3n<br>de DIU<br>\uf0b7 Obstetricia: Control de embarazo,<br>\uf0b7 Oftalmolog\u00eda<br>\uf0b7 Odontolog\u00eda: Consultas y extracciones a partir de los 14 a\u00f1os<br>\uf0b7 Farmacia<br>\uf0b7 Vacunaci\u00f3n<br>\uf0b7 Obstetricia: Control de embarazo<br>\uf0b7 Nutrici\u00f3n<br>\uf0b7 Salud Sexual: Consejer\u00eda, Copa Menstrual, Preservativos<br>\uf0b7 Enfermer\u00eda: Inyectables, Peso y Talla, Control de Glucemia, TA<br>\uf0b7 Laboratorio: Extracciones de sangre con 8hs de ayuno y hasta las 11hs<\/p>\n\n\n\n<p>\uf0b7 Trabajo Social: Asesor\u00edas en discapacidad, Gerontolog\u00eda, Legal, Incluir Salud,<br>Tratamiento para Pediculosis<\/p>\n","protected":false},"excerpt":{"rendered":"<p>Este viernes, los equipos del Ministerio de Salud P&uacute;blica estar&aacute;n brindando atenci&oacute;n en el CAPS 16 del barrio Santa Rita, de 8 a 12 horas.Habr&aacute; desde atenci&oacute;n m&eacute;dica, odontol&oacute;gica, toma&hellip; <\/p>\n","protected":false},"author":3,"featured_media":34811,"comment_status":"closed","ping_status":"closed","sticky":false,"template":"","format":"standard","meta":{"_monsterinsights_skip_tracking":false,"_monsterinsights_sitenote_active":false,"_monsterinsights_sitenote_note":"","_monsterinsights_sitenote_category":0},"categories":[3],"tags":[19],"aioseo_notices":[],"_links":{"self":[{"href":"https:\/\/radionewsmisiones.ar\/site\/wp-json\/wp\/v2\/posts\/34810"}],"collection":[{"href":"https:\/\/radionewsmisiones.ar\/site\/wp-json\/wp\/v2\/posts"}],"about":[{"href":"https:\/\/radionewsmisiones.ar\/site\/wp-json\/wp\/v2\/types\/post"}],"author":[{"embeddable":true,"href":"https:\/\/radionewsmisiones.ar\/site\/wp-json\/wp\/v2\/users\/3"}],"replies":[{"embeddable":true,"href":"https:\/\/radionewsmisiones.ar\/site\/wp-json\/wp\/v2\/comments?post=34810"}],"version-history":[{"count":1,"href":"https:\/\/radionewsmisiones.ar\/site\/wp-json\/wp\/v2\/posts\/34810\/revisions"}],"predecessor-version":[{"id":34812,"href":"https:\/\/radionewsmisiones.ar\/site\/wp-json\/wp\/v2\/posts\/34810\/revisions\/34812"}],"wp:featuredmedia":[{"embeddable":true,"href":"https:\/\/radionewsmisiones.ar\/site\/wp-json\/wp\/v2\/media\/34811"}],"wp:attachment":[{"href":"https:\/\/radionewsmisiones.ar\/site\/wp-json\/wp\/v2\/media?parent=34810"}],"wp:term":[{"taxonomy":"category","embeddable":true,"href":"https:\/\/radionewsmisiones.ar\/site\/wp-json\/wp\/v2\/categories?post=34810"},{"taxonomy":"post_tag","embeddable":true,"href":"https:\/\/radionewsmisiones.ar\/site\/wp-json\/wp\/v2\/tags?post=34810"}],"curies":[{"name":"wp","href":"https:\/\/api.w.org\/{rel}","templated":true}]}}