{"id":34813,"date":"2025-08-07T07:22:53","date_gmt":"2025-08-07T10:22:53","guid":{"rendered":"https:\/\/radionewsmisiones.ar\/site\/?p=34813"},"modified":"2025-08-07T07:22:55","modified_gmt":"2025-08-07T10:22:55","slug":"decenas-de-vecinos-de-campo-viera-accedieron-a-controles-de-la-vista-con-mirar-mejor","status":"publish","type":"post","link":"https:\/\/radionewsmisiones.ar\/site\/provinciales\/decenas-de-vecinos-de-campo-viera-accedieron-a-controles-de-la-vista-con-mirar-mejor\/","title":{"rendered":"Decenas de vecinos de Campo Viera accedieron a controles de la vista con Mirar Mejor"},"content":{"rendered":"\n<p>Este mi\u00e9rcoles, el programa Mirar Mejor reuni\u00f3 a decenas de vecinos de la zona de Campo Viera quienes accedieron a los controles oftalmol\u00f3gicos integrales de la mano de esta iniciativa de la Gobernaci\u00f3n y coordinada por el IPLyC.<\/p>\n\n\n\n<figure class=\"wp-block-image size-full\"><img loading=\"lazy\" width=\"1000\" height=\"750\" src=\"https:\/\/radionewsmisiones.ar\/site\/wp-content\/uploads\/2025\/08\/Mirar-Mejor-Campo-viera-ag-2025-2.jpeg\" alt=\"\" class=\"wp-image-34814\" srcset=\"https:\/\/radionewsmisiones.ar\/site\/wp-content\/uploads\/2025\/08\/Mirar-Mejor-Campo-viera-ag-2025-2.jpeg 1000w, https:\/\/radionewsmisiones.ar\/site\/wp-content\/uploads\/2025\/08\/Mirar-Mejor-Campo-viera-ag-2025-2-300x225.jpeg 300w, https:\/\/radionewsmisiones.ar\/site\/wp-content\/uploads\/2025\/08\/Mirar-Mejor-Campo-viera-ag-2025-2-768x576.jpeg 768w\" sizes=\"(max-width: 1000px) 100vw, 1000px\" \/><\/figure>\n\n\n\n<p>En la jornada, fueron m\u00e1s de 60 vecinos los que accedieron a los controles visuales complejos y recibieron anteojos recetados sin costo alguno y acorde a los requerimientos de cada paciente. Muchos de los participantes adujeron inconvenientes para ver de cerca, hecho que dificulta actividades cotidianas, como, por ejemplo, la lectura de textos o visualizaci\u00f3n de pantallas -celulares o televisores-.<\/p>\n\n\n\n<p>En este sentido se expres\u00f3 Sandra Duarte, quien coment\u00f3 \u201cdesde hace algunos meses que noto un cansancio notorio en la vista; no puede leer la Biblia ni tampoco mirar el celular\u201d, al mismo tiempo precis\u00f3 que \u201choy por hoy un anteojo es una inversi\u00f3n que cuesta acceder, entonces gracias a esta iniciativa nos ayuda un mont\u00f3n a quienes no podemos comprar unos anteojos\u201d.<\/p>\n\n\n\n<p>Por su parte, Oscar Ott, narr\u00f3: \u201cCuesta conseguir turno y tambi\u00e9n viajar, porque tiene que coincidir con otros tr\u00e1mites para que el viaje valga la pena. Que este servicio venga al barrio es una gran ayuda y accesible para todos nosotros\u201d.<\/p>\n\n\n\n<p>Mientras que Mar\u00eda explic\u00f3 que \u201chace a\u00f1os que me hice un control, luego lo discontinu\u00e9 por motivos econ\u00f3micos y de distancia, cuesta viajar. Gracias a este programa, que me enter\u00e9 por vecinos, vine para controlar mi vista, no pensaba irme con anteojos gratuitos; es una bendici\u00f3n porque salgo con una soluci\u00f3n que me cambiar\u00e1 la vida, para volver a hacer cosas que dej\u00e9 de hacer, como leer o estar tranquilo, sin molestias ni dolores de cabeza\u201d.<\/p>\n\n\n\n<p>Al respecto, el presidente del IPLyC, H\u00e9ctor Rojas Decut, precis\u00f3 que \u201ccada semana acercamos a los vecinos de distintos municipios una soluci\u00f3n concreta acorde a la demanda: un diagn\u00f3stico, una derivaci\u00f3n y anteojos seg\u00fan los requerimientos que determina un profesional oftalmol\u00f3gico. Se llevan soluciones que mejoran y transforman la calidad de vida\u201d.<\/p>\n\n\n\n<p>Con m\u00e1s de 3000 vecinos que accedieron a esta propuesta \u00fanica en su tipo en el pa\u00eds, Mirar Mejor sigue con su recorrida por la provincia. Puerto Piray ser\u00e1 el pr\u00f3ximo destino del operativo que se har\u00e1 el d\u00eda mi\u00e9rcoles 13.<\/p>\n","protected":false},"excerpt":{"rendered":"<p>Este mi&eacute;rcoles, el programa Mirar Mejor reuni&oacute; a decenas de vecinos de la zona de Campo Viera quienes accedieron a los controles oftalmol&oacute;gicos integrales de la mano de esta iniciativa&hellip; <\/p>\n","protected":false},"author":3,"featured_media":34815,"comment_status":"closed","ping_status":"closed","sticky":false,"template":"","format":"standard","meta":{"_monsterinsights_skip_tracking":false,"_monsterinsights_sitenote_active":false,"_monsterinsights_sitenote_note":"","_monsterinsights_sitenote_category":0},"categories":[3],"tags":[173],"aioseo_notices":[],"_links":{"self":[{"href":"https:\/\/radionewsmisiones.ar\/site\/wp-json\/wp\/v2\/posts\/34813"}],"collection":[{"href":"https:\/\/radionewsmisiones.ar\/site\/wp-json\/wp\/v2\/posts"}],"about":[{"href":"https:\/\/radionewsmisiones.ar\/site\/wp-json\/wp\/v2\/types\/post"}],"author":[{"embeddable":true,"href":"https:\/\/radionewsmisiones.ar\/site\/wp-json\/wp\/v2\/users\/3"}],"replies":[{"embeddable":true,"href":"https:\/\/radionewsmisiones.ar\/site\/wp-json\/wp\/v2\/comments?post=34813"}],"version-history":[{"count":1,"href":"https:\/\/radionewsmisiones.ar\/site\/wp-json\/wp\/v2\/posts\/34813\/revisions"}],"predecessor-version":[{"id":34816,"href":"https:\/\/radionewsmisiones.ar\/site\/wp-json\/wp\/v2\/posts\/34813\/revisions\/34816"}],"wp:featuredmedia":[{"embeddable":true,"href":"https:\/\/radionewsmisiones.ar\/site\/wp-json\/wp\/v2\/media\/34815"}],"wp:attachment":[{"href":"https:\/\/radionewsmisiones.ar\/site\/wp-json\/wp\/v2\/media?parent=34813"}],"wp:term":[{"taxonomy":"category","embeddable":true,"href":"https:\/\/radionewsmisiones.ar\/site\/wp-json\/wp\/v2\/categories?post=34813"},{"taxonomy":"post_tag","embeddable":true,"href":"https:\/\/radionewsmisiones.ar\/site\/wp-json\/wp\/v2\/tags?post=34813"}],"curies":[{"name":"wp","href":"https:\/\/api.w.org\/{rel}","templated":true}]}}