{"id":35054,"date":"2025-08-15T17:30:09","date_gmt":"2025-08-15T20:30:09","guid":{"rendered":"https:\/\/radionewsmisiones.ar\/site\/?p=35054"},"modified":"2025-08-15T17:30:16","modified_gmt":"2025-08-15T20:30:16","slug":"la-legislatura-de-misiones-cerro-las-actividades-del-lema-del-ano-con-acciones-para-proteger-los-derechos-de-la-ninez-y-adolescencia","status":"publish","type":"post","link":"https:\/\/radionewsmisiones.ar\/site\/provinciales\/la-legislatura-de-misiones-cerro-las-actividades-del-lema-del-ano-con-acciones-para-proteger-los-derechos-de-la-ninez-y-adolescencia\/","title":{"rendered":"La Legislatura de Misiones cerr\u00f3 las actividades del lema del a\u00f1o con acciones para proteger los derechos de la ni\u00f1ez y adolescencia"},"content":{"rendered":"\n<p><strong>En el Sal\u00f3n de las Dos Constituciones se present\u00f3 una capacitaci\u00f3n vinculada a la ley que obliga a formar en la protecci\u00f3n de la ni\u00f1ez y adolescencia a los tres poderes del Estado y a organizaciones sociales. La iniciativa se desarroll\u00f3 como parte de las actividades del lema del a\u00f1o 2025 impulsadas por la C\u00e1mara de Representantes.<\/strong><\/p>\n\n\n\n<figure class=\"wp-block-image size-large\"><img loading=\"lazy\" width=\"1024\" height=\"498\" src=\"https:\/\/radionewsmisiones.ar\/site\/wp-content\/uploads\/2025\/08\/DSC_0735-1024x498.jpg\" alt=\"\" class=\"wp-image-35055\" srcset=\"https:\/\/radionewsmisiones.ar\/site\/wp-content\/uploads\/2025\/08\/DSC_0735-1024x498.jpg 1024w, https:\/\/radionewsmisiones.ar\/site\/wp-content\/uploads\/2025\/08\/DSC_0735-300x146.jpg 300w, https:\/\/radionewsmisiones.ar\/site\/wp-content\/uploads\/2025\/08\/DSC_0735-768x373.jpg 768w, https:\/\/radionewsmisiones.ar\/site\/wp-content\/uploads\/2025\/08\/DSC_0735-1536x746.jpg 1536w, https:\/\/radionewsmisiones.ar\/site\/wp-content\/uploads\/2025\/08\/DSC_0735-2048x995.jpg 2048w\" sizes=\"(max-width: 1024px) 100vw, 1024px\" \/><\/figure>\n\n\n\n<p>La presidenta del Bloque Renovador, Mabel C\u00e1ceres, abri\u00f3 el acto en representaci\u00f3n de la Legislatura, acompa\u00f1ada por el diputado Jos\u00e9 Pastori \u2014autor del proyecto que incorpor\u00f3 la tem\u00e1tica de ni\u00f1ez y adolescencia al lema del a\u00f1o\u2014; el ministro de Desarrollo Social, Fernando Meza, en representaci\u00f3n del Poder Ejecutivo, junto con la defensora de los derechos de los Ni\u00f1os, Ni\u00f1as, y Adolescentes de la provincia, Rossana Franco; y del Poder Judicial, la directora del Centro de Capacitaci\u00f3n y Gesti\u00f3n, Rosanna Venchiarutti, y el secretario de ese organismo, Waldemar Cricel. Tambi\u00e9n participaron legisladores, jueces, autoridades provinciales y municipales, integrantes de la comunidad educativa, representantes de las fuerzas de seguridad y p\u00fablico interesado.<\/p>\n\n\n\n<p>C\u00e1ceres agradeci\u00f3 la presencia de las autoridades y record\u00f3 que este fue el \u00faltimo evento institucional del a\u00f1o relacionado con el lema 2025. \u201cEstuvimos trabajando intensamente porque federalizamos todas las acciones que venimos realizando, recorriendo la provincia, porque el lema del a\u00f1o, instituido por ley desde esta C\u00e1mara, no es solamente una frase sino un llamado a la acci\u00f3n sobre ejes que involucran a los tres poderes del Estado\u201d, afirm\u00f3.<\/p>\n\n\n\n<p>Resalt\u00f3 que a lo largo del a\u00f1o se abordaron temas como las cooperativas vinculadas a los Objetivos de Desarrollo Sostenible, el cuidado de la biodiversidad, la accesibilidad digital y la discapacidad.<\/p>\n\n\n\n<p>\u201cHoy nos toca trabajar sobre la protecci\u00f3n de los derechos del ni\u00f1o, ni\u00f1a y adolescente; es fundamental que desde todos los poderes podamos garantizar y proteger estos derechos, libres de violencia y abuso\u201d, expres\u00f3.<\/p>\n\n\n\n<p>Por su parte, Pastori valor\u00f3 el significado de la jornada: \u201cEste d\u00eda creo que la provincia va a marcar un hito porque mientras en otros \u00e1mbitos se discuten otras cuestiones, desde Misiones y particularmente desde esta casa vamos a fortalecer el cuidado y la protecci\u00f3n de todos nuestros ni\u00f1os y adolescentes\u201d, dijo.<\/p>\n\n\n\n<p>\u201cEstoy convencido de que este es el camino, robusteciendo y estando presentes donde otros no est\u00e1n, para que los misioneritos tengan una infancia m\u00e1s segura\u201d, a\u00f1adi\u00f3.<\/p>\n\n\n\n<p>Meza destac\u00f3 el trabajo conjunto entre los tres poderes y record\u00f3 la experiencia del presidente de la Legislatura, Oscar Herrera Ahuad, en la reducci\u00f3n de la mortalidad infantil: \u201cNo vamos a desistir de ninguna medida que proteja derechos de nuestros ni\u00f1os y ni\u00f1as; aun con cambios a nivel nacional, vamos a seguir garantizando espacios de primera infancia y contenci\u00f3n en toda la provincia\u201d, subray\u00f3.<\/p>\n\n\n\n<p>Franco, se\u00f1al\u00f3 que la capacitaci\u00f3n responde a la Ley II &#8211; N\u00b0 41 y a la Ley Nacional 27.709, conocida como \u201cLey Lucio\u201d. Explic\u00f3 que es obligatoria para los tres poderes del Estado y para organizaciones que trabajen con ni\u00f1ez. \u201cBuscamos llegar a cada rinc\u00f3n de la provincia para garantizar protecci\u00f3n y derechos\u201d, sostuvo.<\/p>\n\n\n\n<p>Venchiarutti, en tanto, remarc\u00f3 que el centro que dirige se caracteriza por su apertura y lenguaje claro. \u201cQueremos que la sociedad entienda que los derechos se adquieren desde el mismo momento en que se obtiene el DNI, necesitamos ni\u00f1os que conozcan sus derechos y sepan defenderlos, apostando a un futuro con m\u00e1s conciencia y compromiso\u201d, expres\u00f3.<\/p>\n\n\n\n<p>Finalmente, Cricel explic\u00f3 que la capacitaci\u00f3n estar\u00e1 disponible en distintas plataformas y record\u00f3 que es obligatoria. \u201cSiempre estamos abiertos a mejorar las herramientas para seguir avanzando en el aula virtual y acompa\u00f1ar a quienes participan\u201d, indic\u00f3.<\/p>\n\n\n\n<p>Durante la jornada, adem\u00e1s, se firm\u00f3 un convenio de cooperaci\u00f3n y se entreg\u00f3 a los presentes un c\u00f3digo visual para acceder al Digesto Jur\u00eddico de la C\u00e1mara, con las leyes vinculadas a la protecci\u00f3n de la ni\u00f1ez y adolescencia.<\/p>\n","protected":false},"excerpt":{"rendered":"<p>En el Sal&oacute;n de las Dos Constituciones se present&oacute; una capacitaci&oacute;n vinculada a la ley que obliga a formar en la protecci&oacute;n de la ni&ntilde;ez y adolescencia a los tres&hellip; <\/p>\n","protected":false},"author":3,"featured_media":35056,"comment_status":"closed","ping_status":"closed","sticky":false,"template":"","format":"standard","meta":{"_monsterinsights_skip_tracking":false,"_monsterinsights_sitenote_active":false,"_monsterinsights_sitenote_note":"","_monsterinsights_sitenote_category":0},"categories":[3],"tags":[7],"aioseo_notices":[],"_links":{"self":[{"href":"https:\/\/radionewsmisiones.ar\/site\/wp-json\/wp\/v2\/posts\/35054"}],"collection":[{"href":"https:\/\/radionewsmisiones.ar\/site\/wp-json\/wp\/v2\/posts"}],"about":[{"href":"https:\/\/radionewsmisiones.ar\/site\/wp-json\/wp\/v2\/types\/post"}],"author":[{"embeddable":true,"href":"https:\/\/radionewsmisiones.ar\/site\/wp-json\/wp\/v2\/users\/3"}],"replies":[{"embeddable":true,"href":"https:\/\/radionewsmisiones.ar\/site\/wp-json\/wp\/v2\/comments?post=35054"}],"version-history":[{"count":1,"href":"https:\/\/radionewsmisiones.ar\/site\/wp-json\/wp\/v2\/posts\/35054\/revisions"}],"predecessor-version":[{"id":35057,"href":"https:\/\/radionewsmisiones.ar\/site\/wp-json\/wp\/v2\/posts\/35054\/revisions\/35057"}],"wp:featuredmedia":[{"embeddable":true,"href":"https:\/\/radionewsmisiones.ar\/site\/wp-json\/wp\/v2\/media\/35056"}],"wp:attachment":[{"href":"https:\/\/radionewsmisiones.ar\/site\/wp-json\/wp\/v2\/media?parent=35054"}],"wp:term":[{"taxonomy":"category","embeddable":true,"href":"https:\/\/radionewsmisiones.ar\/site\/wp-json\/wp\/v2\/categories?post=35054"},{"taxonomy":"post_tag","embeddable":true,"href":"https:\/\/radionewsmisiones.ar\/site\/wp-json\/wp\/v2\/tags?post=35054"}],"curies":[{"name":"wp","href":"https:\/\/api.w.org\/{rel}","templated":true}]}}