{"id":35058,"date":"2025-08-15T17:40:42","date_gmt":"2025-08-15T20:40:42","guid":{"rendered":"https:\/\/radionewsmisiones.ar\/site\/?p=35058"},"modified":"2025-08-15T17:40:47","modified_gmt":"2025-08-15T20:40:47","slug":"inauguracion-del-nuevo-juzgado-federal-de-puerto-iguazu","status":"publish","type":"post","link":"https:\/\/radionewsmisiones.ar\/site\/provinciales\/inauguracion-del-nuevo-juzgado-federal-de-puerto-iguazu\/","title":{"rendered":"Inauguraci\u00f3n del Nuevo Juzgado Federal de Puerto Iguaz\u00fa"},"content":{"rendered":"\n<p>Los ministros Juan Manuel D\u00edaz y Cristina Irene Leiva en representaci\u00f3n del Superior Tribunal de Justicia misionero junto al Procurador General de la Provincia, Carlos Jorge Gim\u00e9nez, participaron de la ceremonia de inauguraci\u00f3n y puesta en funcionamiento del Juzgado Federal de Primera Instancia de Puerto Iguaz\u00fa; acompa\u00f1ando al nuevo juez, Marcelo Alejandro Cardozo, cuyo acto de juramento ocurri\u00f3 el 17 de julio.<\/p>\n\n\n\n<figure class=\"wp-block-image size-full\"><img loading=\"lazy\" width=\"958\" height=\"851\" src=\"https:\/\/radionewsmisiones.ar\/site\/wp-content\/uploads\/2025\/08\/WhatsApp-Image-2025-08-14-at-13.23.43.jpeg\" alt=\"\" class=\"wp-image-35059\" srcset=\"https:\/\/radionewsmisiones.ar\/site\/wp-content\/uploads\/2025\/08\/WhatsApp-Image-2025-08-14-at-13.23.43.jpeg 958w, https:\/\/radionewsmisiones.ar\/site\/wp-content\/uploads\/2025\/08\/WhatsApp-Image-2025-08-14-at-13.23.43-300x266.jpeg 300w, https:\/\/radionewsmisiones.ar\/site\/wp-content\/uploads\/2025\/08\/WhatsApp-Image-2025-08-14-at-13.23.43-768x682.jpeg 768w\" sizes=\"(max-width: 958px) 100vw, 958px\" \/><\/figure>\n\n\n\n<p>El Obispo Monse\u00f1or Nicol\u00e1s Baisi, bendijo las flamantes instalaciones en una ceremonia que cont\u00f3 con la presencia de autoridades del Poder Judicial de la Naci\u00f3n, representantes de los Poderes Legislativos y Ejecutivo, provincial, nacional y del municipio anfitri\u00f3n.<\/p>\n\n\n\n<p>El nuevo juzgado se inaugur\u00f3, este jueves 14, con el tradicional corte de cinta y posterior descubrimiento de la placa que conten\u00eda el mensaje de la Uni\u00f3n de Empleados de Justicia de la Naci\u00f3n que \u201ccelebra la creaci\u00f3n del Juzgado Federal de Primera Instancia de Puerto Iguaz\u00fa\u201d d\u00f3nde destacan la frase \u201cJuzgado de Frontera &#8211; Defensa de Soberan\u00eda\u201d.<\/p>\n\n\n\n<p>Se encontraban presentes, adem\u00e1s, el presidente de la C\u00e1mara Federal de Apelaciones de Posadas, Mario Osvaldo Bold\u00fa, la vicepresidente primero, Mirta Delia Tyden, Jueza Federal con competencia electoral, Ver\u00f3nica Skanata, Fuerzas Armadas y de Seguridad nacionales y provinciales, representantes de la Uni\u00f3n Judicial, invitados especiales y p\u00fablico en general.<\/p>\n\n\n\n<p>Al finalizar se procedi\u00f3 a la firma del Acta.<\/p>\n","protected":false},"excerpt":{"rendered":"<p>Los ministros Juan Manuel D&iacute;az y Cristina Irene Leiva en representaci&oacute;n del Superior Tribunal de Justicia misionero junto al Procurador General de la Provincia, Carlos Jorge Gim&eacute;nez, participaron de la&hellip; <\/p>\n","protected":false},"author":3,"featured_media":35060,"comment_status":"closed","ping_status":"closed","sticky":false,"template":"","format":"standard","meta":{"_monsterinsights_skip_tracking":false,"_monsterinsights_sitenote_active":false,"_monsterinsights_sitenote_note":"","_monsterinsights_sitenote_category":0},"categories":[3],"tags":[29],"aioseo_notices":[],"_links":{"self":[{"href":"https:\/\/radionewsmisiones.ar\/site\/wp-json\/wp\/v2\/posts\/35058"}],"collection":[{"href":"https:\/\/radionewsmisiones.ar\/site\/wp-json\/wp\/v2\/posts"}],"about":[{"href":"https:\/\/radionewsmisiones.ar\/site\/wp-json\/wp\/v2\/types\/post"}],"author":[{"embeddable":true,"href":"https:\/\/radionewsmisiones.ar\/site\/wp-json\/wp\/v2\/users\/3"}],"replies":[{"embeddable":true,"href":"https:\/\/radionewsmisiones.ar\/site\/wp-json\/wp\/v2\/comments?post=35058"}],"version-history":[{"count":1,"href":"https:\/\/radionewsmisiones.ar\/site\/wp-json\/wp\/v2\/posts\/35058\/revisions"}],"predecessor-version":[{"id":35061,"href":"https:\/\/radionewsmisiones.ar\/site\/wp-json\/wp\/v2\/posts\/35058\/revisions\/35061"}],"wp:featuredmedia":[{"embeddable":true,"href":"https:\/\/radionewsmisiones.ar\/site\/wp-json\/wp\/v2\/media\/35060"}],"wp:attachment":[{"href":"https:\/\/radionewsmisiones.ar\/site\/wp-json\/wp\/v2\/media?parent=35058"}],"wp:term":[{"taxonomy":"category","embeddable":true,"href":"https:\/\/radionewsmisiones.ar\/site\/wp-json\/wp\/v2\/categories?post=35058"},{"taxonomy":"post_tag","embeddable":true,"href":"https:\/\/radionewsmisiones.ar\/site\/wp-json\/wp\/v2\/tags?post=35058"}],"curies":[{"name":"wp","href":"https:\/\/api.w.org\/{rel}","templated":true}]}}