{"id":35468,"date":"2025-08-29T07:35:04","date_gmt":"2025-08-29T10:35:04","guid":{"rendered":"https:\/\/radionewsmisiones.ar\/site\/?p=35468"},"modified":"2025-08-29T07:35:08","modified_gmt":"2025-08-29T10:35:08","slug":"dia-nacional-del-arbol-en-la-unidad-penal-n-iv","status":"publish","type":"post","link":"https:\/\/radionewsmisiones.ar\/site\/provinciales\/dia-nacional-del-arbol-en-la-unidad-penal-n-iv\/","title":{"rendered":"D\u00eda Nacional del \u00c1rbol en la Unidad Penal N\u00b0 IV"},"content":{"rendered":"\n<p>Con la presencia de autoridades, instituciones educativas y promotores comunitarios, se llev\u00f3 adelante una jornada de sensibilizaci\u00f3n en el marco del D\u00eda Nacional del \u00c1rbol.<\/p>\n\n\n\n<figure class=\"wp-block-image size-large\"><img loading=\"lazy\" width=\"1024\" height=\"578\" src=\"https:\/\/radionewsmisiones.ar\/site\/wp-content\/uploads\/2025\/08\/WhatsApp-Image-2025-08-28-at-19.17.09-1024x578.jpeg\" alt=\"\" class=\"wp-image-35469\" srcset=\"https:\/\/radionewsmisiones.ar\/site\/wp-content\/uploads\/2025\/08\/WhatsApp-Image-2025-08-28-at-19.17.09-1024x578.jpeg 1024w, https:\/\/radionewsmisiones.ar\/site\/wp-content\/uploads\/2025\/08\/WhatsApp-Image-2025-08-28-at-19.17.09-300x169.jpeg 300w, https:\/\/radionewsmisiones.ar\/site\/wp-content\/uploads\/2025\/08\/WhatsApp-Image-2025-08-28-at-19.17.09-768x433.jpeg 768w, https:\/\/radionewsmisiones.ar\/site\/wp-content\/uploads\/2025\/08\/WhatsApp-Image-2025-08-28-at-19.17.09.jpeg 1280w\" sizes=\"(max-width: 1024px) 100vw, 1024px\" \/><\/figure>\n\n\n\n<p>La actividad incluy\u00f3 una primera cosecha simb\u00f3lica de la huerta y la plantaci\u00f3n colectiva de una cortina de especies nativas, acci\u00f3n que fortalece la huerta del establecimiento y promueve el cuidado de la biodiversidad.<\/p>\n\n\n\n<p>El encuentro en la Unidad Penal N\u00b0 IV es el resultado del gran trabajo en conjunto que se desarrolla desde la Unidad de Coordinaci\u00f3n y Gesti\u00f3n Municipal, articulando con diferentes instituciones para impulsar acciones ambientales y comunitarias sostenibles.<\/p>\n\n\n\n<p>La constructora RESEK coron\u00f3 la jornada con artesan\u00edas que ponen en valor a nuestras comunidades mbya guaran\u00ed.<\/p>\n","protected":false},"excerpt":{"rendered":"<p>Con la presencia de autoridades, instituciones educativas y promotores comunitarios, se llev&oacute; adelante una jornada de sensibilizaci&oacute;n en el marco del D&iacute;a Nacional del &Aacute;rbol. La actividad incluy&oacute; una primera&hellip; <\/p>\n","protected":false},"author":3,"featured_media":35470,"comment_status":"closed","ping_status":"closed","sticky":false,"template":"","format":"standard","meta":{"_monsterinsights_skip_tracking":false,"_monsterinsights_sitenote_active":false,"_monsterinsights_sitenote_note":"","_monsterinsights_sitenote_category":0},"categories":[3],"tags":[22],"aioseo_notices":[],"_links":{"self":[{"href":"https:\/\/radionewsmisiones.ar\/site\/wp-json\/wp\/v2\/posts\/35468"}],"collection":[{"href":"https:\/\/radionewsmisiones.ar\/site\/wp-json\/wp\/v2\/posts"}],"about":[{"href":"https:\/\/radionewsmisiones.ar\/site\/wp-json\/wp\/v2\/types\/post"}],"author":[{"embeddable":true,"href":"https:\/\/radionewsmisiones.ar\/site\/wp-json\/wp\/v2\/users\/3"}],"replies":[{"embeddable":true,"href":"https:\/\/radionewsmisiones.ar\/site\/wp-json\/wp\/v2\/comments?post=35468"}],"version-history":[{"count":1,"href":"https:\/\/radionewsmisiones.ar\/site\/wp-json\/wp\/v2\/posts\/35468\/revisions"}],"predecessor-version":[{"id":35471,"href":"https:\/\/radionewsmisiones.ar\/site\/wp-json\/wp\/v2\/posts\/35468\/revisions\/35471"}],"wp:featuredmedia":[{"embeddable":true,"href":"https:\/\/radionewsmisiones.ar\/site\/wp-json\/wp\/v2\/media\/35470"}],"wp:attachment":[{"href":"https:\/\/radionewsmisiones.ar\/site\/wp-json\/wp\/v2\/media?parent=35468"}],"wp:term":[{"taxonomy":"category","embeddable":true,"href":"https:\/\/radionewsmisiones.ar\/site\/wp-json\/wp\/v2\/categories?post=35468"},{"taxonomy":"post_tag","embeddable":true,"href":"https:\/\/radionewsmisiones.ar\/site\/wp-json\/wp\/v2\/tags?post=35468"}],"curies":[{"name":"wp","href":"https:\/\/api.w.org\/{rel}","templated":true}]}}