{"id":35562,"date":"2025-09-02T07:34:38","date_gmt":"2025-09-02T10:34:38","guid":{"rendered":"https:\/\/radionewsmisiones.ar\/site\/?p=35562"},"modified":"2025-09-02T07:34:42","modified_gmt":"2025-09-02T10:34:42","slug":"septiembre-declarado-mes-de-la-salud-integral-de-las-y-los-adolescentes-en-misiones","status":"publish","type":"post","link":"https:\/\/radionewsmisiones.ar\/site\/provinciales\/septiembre-declarado-mes-de-la-salud-integral-de-las-y-los-adolescentes-en-misiones\/","title":{"rendered":"Septiembre declarado mes de la Salud Integral de las y los Adolescentes en Misiones"},"content":{"rendered":"\n<p>El Ministerio de Salud P\u00fablica de Misiones, mediante la Resoluci\u00f3n N\u00ba 1040, declar\u00f3 de Inter\u00e9s Ministerial el mes de septiembre como \u201cMes de la Salud Integral de las y los Adolescentes\u201d, con el objetivo de fortalecer acciones de concientizaci\u00f3n, difusi\u00f3n de derechos y promoci\u00f3n de la salud en hospitales, CAPS y CIC de todas las zonas sanitarias de la provincia. A su vez, la C\u00e1mara de Representantes de Misiones se suma a dicha iniciativa declarando las actividades instituidas para el mes con car\u00e1cter de inter\u00e9s<br>provincial.<\/p>\n\n\n\n<figure class=\"wp-block-image size-full is-resized\"><img loading=\"lazy\" src=\"https:\/\/radionewsmisiones.ar\/site\/wp-content\/uploads\/2025\/09\/adolescente.jpg\" alt=\"\" class=\"wp-image-35563\" width=\"436\" height=\"236\" srcset=\"https:\/\/radionewsmisiones.ar\/site\/wp-content\/uploads\/2025\/09\/adolescente.jpg 305w, https:\/\/radionewsmisiones.ar\/site\/wp-content\/uploads\/2025\/09\/adolescente-300x162.jpg 300w\" sizes=\"(max-width: 436px) 100vw, 436px\" \/><\/figure>\n\n\n\n<p><br>La medida busca institucionalizar un abordaje integral, comunitario y preventivo, que contemple los derechos de ni\u00f1as, ni\u00f1os y adolescentes como sujetos plenos, impulsando actividades de sensibilizaci\u00f3n y articulaci\u00f3n entre organismos p\u00fablicos, organizaciones sociales, fundaciones y asociaciones civiles que trabajan en contacto con la poblaci\u00f3n adolescente.<\/p>\n\n\n\n<p><br>En este marco, el Programa de Salud Integral Adolescente concentr\u00f3 una serie de fechas<br>clave vinculadas a la salud de los mismos, entre ellas se encuentran:<\/p>\n\n\n\n<p>\uf0b7 4 de septiembre: D\u00eda Mundial de la Salud Sexual.<br>\uf0b7 10 de septiembre: D\u00eda Internacional de Prevenci\u00f3n del Suicidio.<br>\uf0b7 19 de septiembre: D\u00eda de Prevenci\u00f3n del Abuso Sexual Infantil.<br>\uf0b7 21 de septiembre: D\u00eda del Estudiante y D\u00eda de la Sanidad.<br>\uf0b7 23 de septiembre: D\u00eda Internacional contra la Explotaci\u00f3n Sexual y la Trata de<br>Personas.<br>\uf0b7 26 de septiembre: D\u00eda Mundial de Prevenci\u00f3n del Embarazo no Intencional en la<br>Adolescencia.<\/p>\n\n\n\n<p>De esta manera, referentes de los consultorios de atenci\u00f3n adolescente de la provincia estar\u00e1n acompa\u00f1ando durante el mes en las siguientes actividades:<\/p>\n\n\n\n<p><br>Ap\u00f3stoles<br>09\/09 \u2013 Campus Universitario: Taller \u201cCaminos que Elegimos\u201d (Nivel Secundario).<br>17\/09 \u2013 Escuela 236: Taller \u201cEdad de los Cambios\u201d.<br>24\/09 \u2013 Escuela de Comercio: Taller \u201cQu\u00e9 siento cuando siento\u201d.<br>26\/09 \u2013 Escuela Normal: Taller \u201cConocer para elegir\u201d.<\/p>\n\n\n\n<p>Arist\u00f3bulo<br>01\/09 \u2013 EFA (14 hs): Charla sobre Vapper y ESI (3\u00b0, 4\u00b0 y 5\u00b0).<br>03\/09 \u2013 CIC (9 hs): Capacitaci\u00f3n para personal de salud \u2013 Formaci\u00f3n de agentes<br>territoriales sobre abordaje integral del suicidio.<br>04\/09 \u2013 CIC (9 hs): Habilitaci\u00f3n del Consultorio Adolescente (Charla de Salud Mental).<br>Actividad por el D\u00eda Mundial de la Salud Sexual con entrega de preservativos.<br>05\/09 \u2013 Escuela Normal (9 hs): Charla Vapper y ESI.<br>09\/09 \u2013 Escuela 406 (9 hs): Charla de prevenci\u00f3n del suicidio.<br>10\/09 \u2013 Sal\u00f3n Parroquial (9 hs): Jornada \u201cReto a la vida\u201d \u2013 Prevenci\u00f3n del suicidio.<br>23\/09 \u2013 BOP 79 (8 hs) y Comercio (14 hs): Proyecci\u00f3n de pel\u00edcula La Patota por el D\u00eda<br>Internacional contra la explotaci\u00f3n sexual y la trata.<br>29\/09 \u2013 Parque Lineal (9 hs): Caminata saludable junto a estudiantes y adultos mayores<br>por el D\u00eda Mundial del Coraz\u00f3n.<\/p>\n\n\n\n<p>Leandro N. Alem<br>08\/09 \u2013 EPET N.\u00ba 38: Taller \u201cPrevenci\u00f3n al Suicidio\u201d.<br>10\/09 \u2013 Plaza 20 de Junio: \u201cSeptiembre Amarillo\u201d \u2013 Stand informativo, entrega de folletos<br>y lazos, y difusi\u00f3n en medios.<br>18\/09 \u2013 Escuela N.\u00ba 845: Charla \u201cInfancias libres, seguras y respetadas\u201d sobre<br>cyberacoso y cyberbullying.<\/p>\n\n\n\n<p>San Jos\u00e9<br>29\/09 \u2013 Bachillerato N.\u00ba 12: Atenci\u00f3n integral + Taller \u201cConocer es prevenir, prevenir es<br>cuidar\u201d. Charlas sobre embarazo no intencional en la adolescencia, entrega de<br>anticonceptivos y pruebas r\u00e1pidas de ETS.<\/p>\n\n\n\n<p>Jard\u00edn Am\u00e9rica<br>08\/09 \u2013 FM Odisea 89.9: Programa radial sobre prevenci\u00f3n del suicidio y difusi\u00f3n del<br>consultorio adolescente.<\/p>\n\n\n\n<p>10\/09 \u2013 MAS FM: Programa radial sobre prevenci\u00f3n del suicidio y difusi\u00f3n del consultorio<br>adolescente.<br>24\/09 \u2013 Escuela Superior de Comercio N.\u00ba 2: Charla interactiva sobre prevenci\u00f3n del<br>embarazo no intencional.<\/p>\n\n\n\n<p>Concepci\u00f3n de la Sierra<br>05\/09 \u2013 Hospital\/CAPS: Charla sobre m\u00e9todos anticonceptivos y derechos sexuales.<br>10\/09 \u2013 Hospital: Charla sobre suicidio.<br>12\/09 \u2013 EPET N.\u00ba 23: Taller sobre h\u00e1bitos saludables y salud sexual.<br>15\/09 \u2013 EPET N.\u00ba 23: Conversatorio sobre autocuidado y manejo de emociones.<br>19\/09 \u2013 Escuela Normal Superior N.\u00ba 7: Atenci\u00f3n integral + Taller sobre salud sexual.<br>19\/09 \u2013 Hospital\/CAPS: Campa\u00f1a de sensibilizaci\u00f3n con folleter\u00eda.<br>22\/09 \u2013 Escuelas secundarias: Participaci\u00f3n en intercolegiales con stands saludables.<br>26\/09 \u2013 Hospital\/CAPS: Taller sobre planificaci\u00f3n familiar.<br>26\/09 \u2013 EPET N.\u00ba 23: Actividad sobre h\u00e1bitos alimentarios y trastornos de la conducta<br>alimentaria.<\/p>\n\n\n\n<p>Iguaz\u00fa<br>03\/09 \u2013 BOP Altos del Paran\u00e1 (16 hs): Charla.<br>04\/09 \u2013 BOP 89 (ambos turnos): Charla.<br>11\/09 y 25\/09 \u2013 Hospital Tur\u00edstico: Consultorio Adolescente \u2013 Atenci\u00f3n individual.<br>18\/09 \u2013 BOP 106 (10 hs): Charla.<br>18\/09 \u2013 Aldea Yriap\u00fa (16 hs): Charla.<\/p>\n\n\n\n<p>San Pedro<br>17\/09 \u2013 Polideportivo (a confirmar): Encuentro Inter EFAS \u2013 Difusi\u00f3n del consultorio<br>adolescente.<\/p>\n\n\n\n<p>Caraguatay y Ober\u00e1<br>12\/09 \u2013 Ober\u00e1: Taller de salud integral adolescente.<br>12\/09 \u2013 Caraguatay: Taller de salud integral adolescente.<\/p>\n\n\n\n<p>El Soberbio<br>26\/09 \u2013 Escuela (a confirmar): Atenci\u00f3n integral + talleres.<\/p>\n\n\n\n<p>Posadas<br>10\/09 \u2013 Plaza 9 de Julio: Stand de prevenci\u00f3n del suicidio en conjunto con el CAIS.<\/p>\n\n\n\n<p>Adem\u00e1s, el Programa de Salud Sexual y Procreaci\u00f3n Responsable estar\u00e1 realizando el d\u00eda 3 de septiembre, una jornada educativa, recreativa y cultural en la plaza San Mart\u00edn de Posadas. El 12, capacitaci\u00f3n sobre el abordaje integral de la salud sin discriminaci\u00f3n en Corpus. El 16, y con modalidad virtual, se va a llevar a cabo una capacitaci\u00f3n conjunta con la Direcci\u00f3n Nacional de Salud Sexual y Reproductiva sobre m\u00e9todos anticonceptivos.<\/p>\n\n\n\n<p><br>El 19 habr\u00e1 una jornada regional en el marco del D\u00eda de Prevenci\u00f3n del Abuso Sexual Infantil. El 25 tendr\u00e1 participaci\u00f3n en el Congreso de la Asociaci\u00f3n Argentina de Salud P\u00fablica en la ciudad Aut\u00f3noma de Buenos Aires.<br>Finalmente, el 26, en Puerto Iguaz\u00fa, estudiantes participar\u00e1n del encuentro sobre derechos sexuales y reproductivos como tambi\u00e9n en la prevenci\u00f3n del embarazo adolescente.<\/p>\n","protected":false},"excerpt":{"rendered":"<p>El Ministerio de Salud P&uacute;blica de Misiones, mediante la Resoluci&oacute;n N&ordm; 1040, declar&oacute; de Inter&eacute;s Ministerial el mes de septiembre como &ldquo;Mes de la Salud Integral de las y los&hellip; <\/p>\n","protected":false},"author":3,"featured_media":35563,"comment_status":"closed","ping_status":"closed","sticky":false,"template":"","format":"standard","meta":{"_monsterinsights_skip_tracking":false,"_monsterinsights_sitenote_active":false,"_monsterinsights_sitenote_note":"","_monsterinsights_sitenote_category":0},"categories":[3],"tags":[19],"aioseo_notices":[],"_links":{"self":[{"href":"https:\/\/radionewsmisiones.ar\/site\/wp-json\/wp\/v2\/posts\/35562"}],"collection":[{"href":"https:\/\/radionewsmisiones.ar\/site\/wp-json\/wp\/v2\/posts"}],"about":[{"href":"https:\/\/radionewsmisiones.ar\/site\/wp-json\/wp\/v2\/types\/post"}],"author":[{"embeddable":true,"href":"https:\/\/radionewsmisiones.ar\/site\/wp-json\/wp\/v2\/users\/3"}],"replies":[{"embeddable":true,"href":"https:\/\/radionewsmisiones.ar\/site\/wp-json\/wp\/v2\/comments?post=35562"}],"version-history":[{"count":1,"href":"https:\/\/radionewsmisiones.ar\/site\/wp-json\/wp\/v2\/posts\/35562\/revisions"}],"predecessor-version":[{"id":35564,"href":"https:\/\/radionewsmisiones.ar\/site\/wp-json\/wp\/v2\/posts\/35562\/revisions\/35564"}],"wp:featuredmedia":[{"embeddable":true,"href":"https:\/\/radionewsmisiones.ar\/site\/wp-json\/wp\/v2\/media\/35563"}],"wp:attachment":[{"href":"https:\/\/radionewsmisiones.ar\/site\/wp-json\/wp\/v2\/media?parent=35562"}],"wp:term":[{"taxonomy":"category","embeddable":true,"href":"https:\/\/radionewsmisiones.ar\/site\/wp-json\/wp\/v2\/categories?post=35562"},{"taxonomy":"post_tag","embeddable":true,"href":"https:\/\/radionewsmisiones.ar\/site\/wp-json\/wp\/v2\/tags?post=35562"}],"curies":[{"name":"wp","href":"https:\/\/api.w.org\/{rel}","templated":true}]}}