{"id":35565,"date":"2025-09-02T07:38:01","date_gmt":"2025-09-02T10:38:01","guid":{"rendered":"https:\/\/radionewsmisiones.ar\/site\/?p=35565"},"modified":"2025-09-02T07:38:06","modified_gmt":"2025-09-02T10:38:06","slug":"volvieron-a-vandalizar-y-robar-cables-en-la-subestacion-san-ignacio-sin-energia","status":"publish","type":"post","link":"https:\/\/radionewsmisiones.ar\/site\/provinciales\/volvieron-a-vandalizar-y-robar-cables-en-la-subestacion-san-ignacio-sin-energia\/","title":{"rendered":"Volvieron a vandalizar y robar cables en la subestaci\u00f3n: San Ignacio sin energ\u00eda"},"content":{"rendered":"\n<p>Energ\u00eda de Misiones comunica que esta tarde, personas desconocidas volvieron a vandalizar y a hurtar cables la infraestructura el\u00e9ctrica que alimenta a San Ignacio, dejando sin suministro el\u00e9ctrico a la localidad y alrededores. Es el segundo hecho delictivo que perjudica a la comunidad, esta vez por inhabilitaci\u00f3n del transformador principal al que le sustrajeron los conductores.<br>La presidente de la empresa, Virginia Kluka, se encuentra en el lugar junto con personal t\u00e9cnico y de las fuerzas de seguridad.<\/p>\n\n\n\n<figure class=\"wp-block-video\"><video controls src=\"https:\/\/radionewsmisiones.ar\/site\/wp-content\/uploads\/2025\/09\/WhatsApp-Video-2025-09-01-at-20.58.24.mp4\"><\/video><\/figure>\n\n\n\n<p><br>Al ser una reiteraci\u00f3n del accionar delictivo, se estima que la polic\u00eda podr\u00e1 avanzar en la determinaci\u00f3n de los autores para frenar definitivamente esta lamentable seguidilla de robos con graves consecuencias.<br>La semana pasada, se registr\u00f3 el corte del servicio y al verificar la fuente del problema, se encontr\u00f3 vandalizada la principal subestaci\u00f3n transformadora de 33\/13,2 kV de la que se arranc\u00f3 todo el entramado de cables de puesta a tierra, neutro y conexiones de los transformadores. Los delincuentes adem\u00e1s se llevaron el transformador auxiliar 13,2kv\/380v 25kva, por lo que el transformador principal de 8MVA 33\/13,2kv qued\u00f3 autom\u00e1ticamente fuera de servicio y sin la protecci\u00f3n adecuada para funcionar.<\/p>\n\n\n\n<p><br>Personal de la empresa realiz\u00f3 un trabajo a destajo para reponer los elementos da\u00f1ados y hurtados en una instalaci\u00f3n cr\u00edtica para el servicio de la localidad.<\/p>\n\n\n\n<p><br>En este momento nuevamente se movilizan los equipos t\u00e9cnicos con personal especializado y materiales de gran costo, para normalizar el suministro en el menor tiempo posible.<br>Se ruega a la poblaci\u00f3n la colaboraci\u00f3n en la denuncia an\u00f3nima en caso de haber visto situaciones relacionadas con este in\u00e9dito y da\u00f1ino accionar delictivo, tanto ante autoridades policiales como al 0800 8888 3672.<\/p>\n","protected":false},"excerpt":{"rendered":"<p>Energ&iacute;a de Misiones comunica que esta tarde, personas desconocidas volvieron a vandalizar y a hurtar cables la infraestructura el&eacute;ctrica que alimenta a San Ignacio, dejando sin suministro el&eacute;ctrico a la&hellip; <\/p>\n","protected":false},"author":3,"featured_media":35567,"comment_status":"closed","ping_status":"closed","sticky":false,"template":"","format":"standard","meta":{"_monsterinsights_skip_tracking":false,"_monsterinsights_sitenote_active":false,"_monsterinsights_sitenote_note":"","_monsterinsights_sitenote_category":0},"categories":[3],"tags":[306],"aioseo_notices":[],"_links":{"self":[{"href":"https:\/\/radionewsmisiones.ar\/site\/wp-json\/wp\/v2\/posts\/35565"}],"collection":[{"href":"https:\/\/radionewsmisiones.ar\/site\/wp-json\/wp\/v2\/posts"}],"about":[{"href":"https:\/\/radionewsmisiones.ar\/site\/wp-json\/wp\/v2\/types\/post"}],"author":[{"embeddable":true,"href":"https:\/\/radionewsmisiones.ar\/site\/wp-json\/wp\/v2\/users\/3"}],"replies":[{"embeddable":true,"href":"https:\/\/radionewsmisiones.ar\/site\/wp-json\/wp\/v2\/comments?post=35565"}],"version-history":[{"count":1,"href":"https:\/\/radionewsmisiones.ar\/site\/wp-json\/wp\/v2\/posts\/35565\/revisions"}],"predecessor-version":[{"id":35568,"href":"https:\/\/radionewsmisiones.ar\/site\/wp-json\/wp\/v2\/posts\/35565\/revisions\/35568"}],"wp:featuredmedia":[{"embeddable":true,"href":"https:\/\/radionewsmisiones.ar\/site\/wp-json\/wp\/v2\/media\/35567"}],"wp:attachment":[{"href":"https:\/\/radionewsmisiones.ar\/site\/wp-json\/wp\/v2\/media?parent=35565"}],"wp:term":[{"taxonomy":"category","embeddable":true,"href":"https:\/\/radionewsmisiones.ar\/site\/wp-json\/wp\/v2\/categories?post=35565"},{"taxonomy":"post_tag","embeddable":true,"href":"https:\/\/radionewsmisiones.ar\/site\/wp-json\/wp\/v2\/tags?post=35565"}],"curies":[{"name":"wp","href":"https:\/\/api.w.org\/{rel}","templated":true}]}}