{"id":36992,"date":"2025-10-28T07:41:41","date_gmt":"2025-10-28T10:41:41","guid":{"rendered":"https:\/\/radionewsmisiones.ar\/site\/?p=36992"},"modified":"2025-10-28T07:42:12","modified_gmt":"2025-10-28T10:42:12","slug":"todos-los-viernes-hasta-fin-de-ano-estara-vigente-el-programa-ahora-remedios-que-permitira-a-mas-de-170-mil-jubilados-acceder-a-reintegros-en-la-compra-de-medicamentos","status":"publish","type":"post","link":"https:\/\/radionewsmisiones.ar\/site\/provinciales\/todos-los-viernes-hasta-fin-de-ano-estara-vigente-el-programa-ahora-remedios-que-permitira-a-mas-de-170-mil-jubilados-acceder-a-reintegros-en-la-compra-de-medicamentos\/","title":{"rendered":"Todos los viernes hasta fin de a\u00f1o estar\u00e1 vigente el programa Ahora Remedios, que permitir\u00e1 a m\u00e1s de 170 mil jubilados acceder a reintegros en la compra de medicamentos"},"content":{"rendered":"\n<p>Tal como hab\u00eda anunciado el gobernador Hugo Passalacqua a finales de septiembre, a partir del viernes 24 de octubre estar\u00e1 vigente el nuevo programa Ahora Remedios, que durante todos los viernes hasta el 31 de diciembre permitir\u00e1 a jubilados p\u00fablicos y privados, pensionados y retirados de Misiones que perciben sus haberes a trav\u00e9s de Banco Macro acceder a un reintegro del 15% en la compra de medicamentos, pa\u00f1ales y complementos alimenticios en farmacias adheridas, con un tope de $42 mil por tarjeta y por comercio.<\/p>\n\n\n\n<figure class=\"wp-block-image size-full\"><img loading=\"lazy\" width=\"480\" height=\"600\" src=\"https:\/\/radionewsmisiones.ar\/site\/wp-content\/uploads\/2025\/10\/image-120.jpg\" alt=\"\" class=\"wp-image-36993\" srcset=\"https:\/\/radionewsmisiones.ar\/site\/wp-content\/uploads\/2025\/10\/image-120.jpg 480w, https:\/\/radionewsmisiones.ar\/site\/wp-content\/uploads\/2025\/10\/image-120-240x300.jpg 240w\" sizes=\"(max-width: 480px) 100vw, 480px\" \/><\/figure>\n\n\n\n<p>Como remarc\u00f3 el Gobernador durante la presentaci\u00f3n, adem\u00e1s de ser un instrumento de alto impacto para dinamizar el sector comercial de las farmacias, este programa alcanzar\u00e1 a m\u00e1s de 170 mil jubilados en toda la provincia y forma parte de las pol\u00edticas de apoyo permanente del Gobierno provincial para cuidar a uno de los sectores m\u00e1s vulnerables de la poblaci\u00f3n.<\/p>\n\n\n\n<p>Ahora Remedios comenzar\u00e1 a operar a partir de hoy con la participaci\u00f3n de aquellas farmacias que solicitaron adherirse hasta antes del 5 de octubre; mientras que aquellos comercios que todav\u00eda no solicitaron sumarse podr\u00e1n hacerlo durante toda la vigencia del programa a trav\u00e9s del sitio web de los Programas Ahora: <a href=\"http:\/\/ahora.misiones.gob.ar\">ahora.misiones.gob.ar<\/a>&nbsp;<\/p>\n","protected":false},"excerpt":{"rendered":"<p>Tal como hab&iacute;a anunciado el gobernador Hugo Passalacqua a finales de septiembre, a partir del viernes 24 de octubre estar&aacute; vigente el nuevo programa Ahora Remedios, que durante todos los&hellip; <\/p>\n","protected":false},"author":3,"featured_media":36993,"comment_status":"closed","ping_status":"closed","sticky":false,"template":"","format":"standard","meta":{"_monsterinsights_skip_tracking":false,"_monsterinsights_sitenote_active":false,"_monsterinsights_sitenote_note":"","_monsterinsights_sitenote_category":0},"categories":[3],"tags":[263],"aioseo_notices":[],"_links":{"self":[{"href":"https:\/\/radionewsmisiones.ar\/site\/wp-json\/wp\/v2\/posts\/36992"}],"collection":[{"href":"https:\/\/radionewsmisiones.ar\/site\/wp-json\/wp\/v2\/posts"}],"about":[{"href":"https:\/\/radionewsmisiones.ar\/site\/wp-json\/wp\/v2\/types\/post"}],"author":[{"embeddable":true,"href":"https:\/\/radionewsmisiones.ar\/site\/wp-json\/wp\/v2\/users\/3"}],"replies":[{"embeddable":true,"href":"https:\/\/radionewsmisiones.ar\/site\/wp-json\/wp\/v2\/comments?post=36992"}],"version-history":[{"count":1,"href":"https:\/\/radionewsmisiones.ar\/site\/wp-json\/wp\/v2\/posts\/36992\/revisions"}],"predecessor-version":[{"id":36994,"href":"https:\/\/radionewsmisiones.ar\/site\/wp-json\/wp\/v2\/posts\/36992\/revisions\/36994"}],"wp:featuredmedia":[{"embeddable":true,"href":"https:\/\/radionewsmisiones.ar\/site\/wp-json\/wp\/v2\/media\/36993"}],"wp:attachment":[{"href":"https:\/\/radionewsmisiones.ar\/site\/wp-json\/wp\/v2\/media?parent=36992"}],"wp:term":[{"taxonomy":"category","embeddable":true,"href":"https:\/\/radionewsmisiones.ar\/site\/wp-json\/wp\/v2\/categories?post=36992"},{"taxonomy":"post_tag","embeddable":true,"href":"https:\/\/radionewsmisiones.ar\/site\/wp-json\/wp\/v2\/tags?post=36992"}],"curies":[{"name":"wp","href":"https:\/\/api.w.org\/{rel}","templated":true}]}}