{"id":36995,"date":"2025-10-28T08:01:15","date_gmt":"2025-10-28T11:01:15","guid":{"rendered":"https:\/\/radionewsmisiones.ar\/site\/?p=36995"},"modified":"2025-10-28T08:01:18","modified_gmt":"2025-10-28T11:01:18","slug":"por-duelo-provincial-se-reprograma-la-prueba-piloto-del-show-de-scolas-en-la-cascada","status":"publish","type":"post","link":"https:\/\/radionewsmisiones.ar\/site\/provinciales\/por-duelo-provincial-se-reprograma-la-prueba-piloto-del-show-de-scolas-en-la-cascada\/","title":{"rendered":"Por Duelo Provincial se reprograma la Prueba Piloto del Show de Scolas en la Cascada"},"content":{"rendered":"\n<p>En atenci\u00f3n al Decreto N.\u00ba 2187 firmado por el Sr. Gobernador de la Provincia de Misiones, que establece duelo provincial por dos d\u00edas en todo el territorio, en se\u00f1al de respeto y acompa\u00f1amiento a las familias, amistades y compa\u00f1eros de las v\u00edctimas del tr\u00e1gico accidente ocurrido el domingo sobre la Ruta Nacional 14, a la altura de Campo Viera, las instituciones abajo firmantes informan a la comunidad lo siguiente:<br>La prueba piloto prevista originalmente para el d\u00eda martes 28 de octubre, queda suspendida y se reprograma para el d\u00eda mi\u00e9rcoles 29 de octubre, manteni\u00e9ndose los mismos horarios.<\/p>\n\n\n\n<figure class=\"wp-block-image size-large\"><img loading=\"lazy\" width=\"1024\" height=\"683\" src=\"https:\/\/radionewsmisiones.ar\/site\/wp-content\/uploads\/2024\/08\/estudiantina-1-1024x683.jpg\" alt=\"\" class=\"wp-image-25024\" srcset=\"https:\/\/radionewsmisiones.ar\/site\/wp-content\/uploads\/2024\/08\/estudiantina-1-1024x683.jpg 1024w, https:\/\/radionewsmisiones.ar\/site\/wp-content\/uploads\/2024\/08\/estudiantina-1-300x200.jpg 300w, https:\/\/radionewsmisiones.ar\/site\/wp-content\/uploads\/2024\/08\/estudiantina-1-768x512.jpg 768w, https:\/\/radionewsmisiones.ar\/site\/wp-content\/uploads\/2024\/08\/estudiantina-1.jpg 1080w\" sizes=\"(max-width: 1024px) 100vw, 1024px\" \/><\/figure>\n\n\n\n<p><br>Esta decisi\u00f3n se adopta como un gesto de solidaridad y respeto hacia las familias que atraviesan un momento de profundo dolor por la irreparable p\u00e9rdida de sus seres queridos, a quienes acompa\u00f1amos en su pesar. Asimismo, extendemos nuestros m\u00e1s sinceros deseos de pronta recuperaci\u00f3n a quienes se encuentran luchando por sus vidas.<\/p>\n\n\n\n<p><br>Agradecemos la comprensi\u00f3n de toda la comunidad, en especial a los estudiantes participantes, docentes y familias involucradas.<\/p>\n\n\n\n<p><br>Atentamente, Polic\u00eda de la Provincia de Misiones, Municipalidad de Posadas, Ministerio de Educaci\u00f3n, Ciencia y Tecnolog\u00eda y APES (Asociaci\u00f3n Posade\u00f1a de Estudiantes Secundarios)<\/p>\n","protected":false},"excerpt":{"rendered":"<p>En atenci&oacute;n al Decreto N.&ordm; 2187 firmado por el Sr. Gobernador de la Provincia de Misiones, que establece duelo provincial por dos d&iacute;as en todo el territorio, en se&ntilde;al de&hellip; <\/p>\n","protected":false},"author":3,"featured_media":13240,"comment_status":"closed","ping_status":"closed","sticky":false,"template":"","format":"standard","meta":{"_monsterinsights_skip_tracking":false,"_monsterinsights_sitenote_active":false,"_monsterinsights_sitenote_note":"","_monsterinsights_sitenote_category":0},"categories":[3],"tags":[22],"aioseo_notices":[],"_links":{"self":[{"href":"https:\/\/radionewsmisiones.ar\/site\/wp-json\/wp\/v2\/posts\/36995"}],"collection":[{"href":"https:\/\/radionewsmisiones.ar\/site\/wp-json\/wp\/v2\/posts"}],"about":[{"href":"https:\/\/radionewsmisiones.ar\/site\/wp-json\/wp\/v2\/types\/post"}],"author":[{"embeddable":true,"href":"https:\/\/radionewsmisiones.ar\/site\/wp-json\/wp\/v2\/users\/3"}],"replies":[{"embeddable":true,"href":"https:\/\/radionewsmisiones.ar\/site\/wp-json\/wp\/v2\/comments?post=36995"}],"version-history":[{"count":1,"href":"https:\/\/radionewsmisiones.ar\/site\/wp-json\/wp\/v2\/posts\/36995\/revisions"}],"predecessor-version":[{"id":36996,"href":"https:\/\/radionewsmisiones.ar\/site\/wp-json\/wp\/v2\/posts\/36995\/revisions\/36996"}],"wp:featuredmedia":[{"embeddable":true,"href":"https:\/\/radionewsmisiones.ar\/site\/wp-json\/wp\/v2\/media\/13240"}],"wp:attachment":[{"href":"https:\/\/radionewsmisiones.ar\/site\/wp-json\/wp\/v2\/media?parent=36995"}],"wp:term":[{"taxonomy":"category","embeddable":true,"href":"https:\/\/radionewsmisiones.ar\/site\/wp-json\/wp\/v2\/categories?post=36995"},{"taxonomy":"post_tag","embeddable":true,"href":"https:\/\/radionewsmisiones.ar\/site\/wp-json\/wp\/v2\/tags?post=36995"}],"curies":[{"name":"wp","href":"https:\/\/api.w.org\/{rel}","templated":true}]}}