{"id":36997,"date":"2025-10-28T08:07:26","date_gmt":"2025-10-28T11:07:26","guid":{"rendered":"https:\/\/radionewsmisiones.ar\/site\/?p=36997"},"modified":"2025-10-28T08:07:37","modified_gmt":"2025-10-28T11:07:37","slug":"se-agrava-el-conflicto-en-pami-y-ate-define-cese-de-tareas-con-movilizacion-el-jueves-a-desregulacion","status":"publish","type":"post","link":"https:\/\/radionewsmisiones.ar\/site\/nacionales\/se-agrava-el-conflicto-en-pami-y-ate-define-cese-de-tareas-con-movilizacion-el-jueves-a-desregulacion\/","title":{"rendered":"Se agrava el conflicto en PAMI y ATE define cese de tareas con movilizaci\u00f3n el jueves a Desregulaci\u00f3n"},"content":{"rendered":"\n<p>\u201cEstamos soportando m\u00e1s de un a\u00f1o de congelamiento salarial en la obra social. El \u00faltimo incremento lo tuvimos en el mes de octubre del a\u00f1o pasado y fue de un 3,5%. En estos doce meses se ha deteriorado de manera grave el poder de compra de los ingresos\u201d, indic\u00f3 Rodolfo Aguiar.<\/p>\n\n\n\n<figure class=\"wp-block-image size-full\"><img loading=\"lazy\" width=\"837\" height=\"560\" src=\"https:\/\/radionewsmisiones.ar\/site\/wp-content\/uploads\/2025\/10\/WhatsApp-Image-2025-10-28-at-07.32.33.jpeg\" alt=\"\" class=\"wp-image-36998\" srcset=\"https:\/\/radionewsmisiones.ar\/site\/wp-content\/uploads\/2025\/10\/WhatsApp-Image-2025-10-28-at-07.32.33.jpeg 837w, https:\/\/radionewsmisiones.ar\/site\/wp-content\/uploads\/2025\/10\/WhatsApp-Image-2025-10-28-at-07.32.33-300x201.jpeg 300w, https:\/\/radionewsmisiones.ar\/site\/wp-content\/uploads\/2025\/10\/WhatsApp-Image-2025-10-28-at-07.32.33-768x514.jpeg 768w\" sizes=\"(max-width: 837px) 100vw, 837px\" \/><\/figure>\n\n\n\n<p>Luego de que el Gobierno ofreciera un 0,8% en la \u00faltima paritaria del PAMI tras m\u00e1s de un a\u00f1o de congelamiento salarial, la Asociaci\u00f3n Trabajadores del Estado (ATE) profundizar\u00e1 las medidas de fuerza en el organismo esta semana, comenzando con ceses de tareas a partir de hoy al mediod\u00eda y con una movilizaci\u00f3n el jueves desde la sede central de la obra social hacia el Ministerio de Desregulaci\u00f3n y Transformaci\u00f3n del Estado.<\/p>\n\n\n\n<p>\u201cEstamos soportando m\u00e1s de un a\u00f1o de congelamiento salarial en la obra social de los jubilados. El \u00faltimo incremento lo tuvimos en el mes de octubre del a\u00f1o pasado y fue de un 3,5%. En estos doce meses se ha deteriorado de manera grave el poder de compra de los ingresos de los trabajadores de PAMI\u201d, se\u00f1al\u00f3 Rodolfo Aguiar, Secretario General de ATE Nacional.<\/p>\n\n\n\n<p>El referente estatal tambi\u00e9n asegur\u00f3 que esta decisi\u00f3n afecta gravemente a la calidad de las prestaciones del organismo: \u201cEsta pol\u00edtica de recorte salarial no s\u00f3lo afecta a los m\u00e1s de 12 mil trabajadores, sino que tambi\u00e9n impacta negativamente en la atenci\u00f3n de m\u00e1s de 5 millones de jubilados afiliados al instituto en todo el pa\u00eds\u201d.<\/p>\n\n\n\n<p>\u201cLa \u00faltima paritaria, m\u00e1s que una propuesta que est\u00e9 orientada a aliviar las tensiones, pareci\u00f3 una provocaci\u00f3n para que el conflicto se agrave. Vamos a profundizar nuestro plan de acci\u00f3n y esta semana nos vamos a movilizar convencidos de que nuestras demandas son absolutamente justas y razonables. Merecemos ser respetados por las autoridades y todos nuestros esfuerzos tienen que ser compensados\u201d, concluy\u00f3 el Secretario General de ATE Nacional.<\/p>\n\n\n\n<p>Cabe recordar que los trabajadores de la obra social de los jubilados mantienen su sueldo congelado desde noviembre pasado, y las autoridades del organismo les ofrecieron en la \u00faltima paritaria realizada el 21 de octubre apenas un 1,2% para octubre, 0,8% en noviembre y 0,8% en diciembre.<\/p>\n\n\n\n<p>Los ceses de actividades comenzar\u00e1n este martes 28 desde las 12 hasta las 14, mientras que ma\u00f1ana, mi\u00e9rcoles 29, la medida tendr\u00e1 lugar entre las 11 y las 14. En tanto, el jueves ATE concentrar\u00e1 a las 12 junto a los sindicatos APPAMIA, SUTEPA y UTI en la sede central del PAMI, ubicado en Av Corrientes 655, para movilizar hacia el ministerio de Federico Sturzenegger con direcci\u00f3n en Av. Roque S\u00e1enz Pe\u00f1a 788 (CABA).<\/p>\n\n\n\n<p>ATE resalt\u00f3 que los m\u00e1s de 12.500 trabajadores de PAMI de todo el pa\u00eds ya perdieron m\u00e1s del 60% de su poder adquisitivo en el \u00faltimo a\u00f1o.<\/p>\n","protected":false},"excerpt":{"rendered":"<p>&ldquo;Estamos soportando m&aacute;s de un a&ntilde;o de congelamiento salarial en la obra social. El &uacute;ltimo incremento lo tuvimos en el mes de octubre del a&ntilde;o pasado y fue de un&hellip; <\/p>\n","protected":false},"author":3,"featured_media":36998,"comment_status":"closed","ping_status":"closed","sticky":false,"template":"","format":"standard","meta":{"_monsterinsights_skip_tracking":false,"_monsterinsights_sitenote_active":false,"_monsterinsights_sitenote_note":"","_monsterinsights_sitenote_category":0},"categories":[4],"tags":[504],"aioseo_notices":[],"_links":{"self":[{"href":"https:\/\/radionewsmisiones.ar\/site\/wp-json\/wp\/v2\/posts\/36997"}],"collection":[{"href":"https:\/\/radionewsmisiones.ar\/site\/wp-json\/wp\/v2\/posts"}],"about":[{"href":"https:\/\/radionewsmisiones.ar\/site\/wp-json\/wp\/v2\/types\/post"}],"author":[{"embeddable":true,"href":"https:\/\/radionewsmisiones.ar\/site\/wp-json\/wp\/v2\/users\/3"}],"replies":[{"embeddable":true,"href":"https:\/\/radionewsmisiones.ar\/site\/wp-json\/wp\/v2\/comments?post=36997"}],"version-history":[{"count":1,"href":"https:\/\/radionewsmisiones.ar\/site\/wp-json\/wp\/v2\/posts\/36997\/revisions"}],"predecessor-version":[{"id":36999,"href":"https:\/\/radionewsmisiones.ar\/site\/wp-json\/wp\/v2\/posts\/36997\/revisions\/36999"}],"wp:featuredmedia":[{"embeddable":true,"href":"https:\/\/radionewsmisiones.ar\/site\/wp-json\/wp\/v2\/media\/36998"}],"wp:attachment":[{"href":"https:\/\/radionewsmisiones.ar\/site\/wp-json\/wp\/v2\/media?parent=36997"}],"wp:term":[{"taxonomy":"category","embeddable":true,"href":"https:\/\/radionewsmisiones.ar\/site\/wp-json\/wp\/v2\/categories?post=36997"},{"taxonomy":"post_tag","embeddable":true,"href":"https:\/\/radionewsmisiones.ar\/site\/wp-json\/wp\/v2\/tags?post=36997"}],"curies":[{"name":"wp","href":"https:\/\/api.w.org\/{rel}","templated":true}]}}