{"id":37007,"date":"2025-10-28T18:14:29","date_gmt":"2025-10-28T21:14:29","guid":{"rendered":"https:\/\/radionewsmisiones.ar\/site\/?p=37007"},"modified":"2025-10-28T18:15:09","modified_gmt":"2025-10-28T21:15:09","slug":"lalo-costa-de-arguibel-el-peronismo-misionero-esta-sin-pena-ni-gloria","status":"publish","type":"post","link":"https:\/\/radionewsmisiones.ar\/site\/provinciales\/lalo-costa-de-arguibel-el-peronismo-misionero-esta-sin-pena-ni-gloria\/","title":{"rendered":"Lalo Costa de Arg\u00fcibel: \u00abEl Peronismo misionero est\u00e1 sin pena, ni gloria\u00bb"},"content":{"rendered":"\n<p><strong>El dirigente de Convergencia Justicialista, Lalo Costa de Arg\u00fcibel, critic\u00f3 la divisi\u00f3n del campo popular y calific\u00f3 de \u00abdesprop\u00f3sito\u00bb que el PJ, con hasta 20 puntos, no lograra consolidar una banca. Anunci\u00f3 que buscar\u00e1 la presidencia del partido en internas previstas para marzo.<\/strong><\/p>\n\n\n\n<p><strong>Posadas, Misiones<\/strong> \u2013 El abogado y dirigente de Convergencia Justicialista, <strong>Lalo Costa de Arg\u00fcibel,<\/strong> reflexion\u00f3 en <strong>Radio News Misiones<\/strong>  sobre el desempe\u00f1o del peronismo en las pasadas elecciones en Misiones. Costa de Arg\u00fcibel, quien previamente promovi\u00f3 la intervenci\u00f3n del Partido Justicialista (PJ) de Distrito Misiones, atribuy\u00f3 el resultado negativo a la fragmentaci\u00f3n interna, adem\u00e1s de reconocer el impacto del <strong>\u00absimbronazo de la ola violeta\u00bb.<\/strong><\/p>\n\n\n\n<p>En un an\u00e1lisis espec\u00edfico sobre el distrito Misiones, el dirigente lament\u00f3 que el justicialismo terminara \u00absin pena ni gloria\u00bb. Se\u00f1al\u00f3 que, a pesar de contar con un caudal de votos que oscilaba <strong>entre 18 y 20 puntos<\/strong>, el peronismo no pudo <strong>\u00abconsolidar una banca\u00bb<\/strong>, un hecho que calific\u00f3 como <strong>\u00abun desprop\u00f3sito\u00bb<\/strong>.<\/p>\n\n\n\n<p>La Cr\u00edtica Central: El ego funcional a La Libertad Avanza<\/p>\n\n\n\n<p>Costa de Arg\u00fcibel no dud\u00f3 en se\u00f1alar a los factores internos como los principales responsables de la derrota y la incapacidad de sumar legisladores.<\/p>\n\n\n\n<p>\u00abSin ninguna duda, Ariel. Sin ninguna duda. Las <strong>mezquindades, la egolatr\u00eda, el mirarse el ombligo<\/strong>\u00bb fueron funcionales a los libertarios. El dirigente record\u00f3 que la divisi\u00f3n y el ego llevaron a que, en Misiones, el campo nacional y popular no obtuviera ning\u00fan diputado, mientras que <strong>dos diputados de La Libertad Avanza<\/strong> ingresaron a la legislatura.<\/p>\n\n\n\n<p>En su momento, Costa de Arg\u00fcibel hab\u00eda puesto a disposici\u00f3n su candidatura, buscando ser una \u00abprenda unidad\u00bb y consolidar la amalgama del campo nacional y popular en Fuerza Patria. El objetivo era potenciar la lista, sugiriendo que Cacho B\u00e1rbaro la encabezara, lo que \u00e9l cree que hubiera superado significativamente los 20 puntos obtenidos.<\/p>\n\n\n\n<p>El dirigente inst\u00f3 a quienes se dicen l\u00edderes a mostrar \u00abgrandeza\u00bb y exigi\u00f3 que se termine con el ego y el ombliguismo para sustentar una \u00abampliaci\u00f3n de bases\u00bb y una unidad clara de cara al futuro.<\/p>\n\n\n\n<p><strong>Rumo a la Presidencia del PJ Misiones<\/strong><\/p>\n\n\n\n<p>Ante el panorama de \u00abvaciamiento pol\u00edtico\u00bb y \u00abdesperonizaci\u00f3n\u00bb, Lalo Costa de Arg\u00fcibel anunci\u00f3 su decisi\u00f3n de liderar la reconstrucci\u00f3n del partido.<\/p>\n\n\n\n<p>\u00abVoy a ser el <strong>pr\u00f3ximo presidente del Partido Justicialista de la Provincia de Misiones<\/strong>\u00ab, afirm\u00f3, se\u00f1alando que las elecciones internas est\u00e1n proyectadas para <strong>marzo<\/strong>.<\/p>\n\n\n\n<p>El plan de normalizaci\u00f3n incluye terminar con el contexto de \u00abhijos y entenados\u00bb en el peronismo y buscar la <strong>\u00abampliaci\u00f3n de bases\u00bb<\/strong>. Costa de Arg\u00fcibel sostuvo que no hay margen para \u00abdedo\u00bb y que se necesitan <strong>\u00abnuevas caras\u00bb y \u00abrenovar\u00bb<\/strong> para no ser \u00ablo mismo de siempre\u00bb.<\/p>\n\n\n\n<p><strong>El Rol de la Experiencia y el Recambio Generacional<\/strong><\/p>\n\n\n\n<p>El futuro presidente del PJ Misiones aclar\u00f3 que la necesidad de un <strong>recambio generacional<\/strong> no implica descartar la experiencia.<\/p>\n\n\n\n<p>Costa de Arg\u00fcibel enfatiz\u00f3 que su espacio, Convergencia Justicialista, no busca \u00abechar a los viejos por la ventana\u00bb. Por el contrario, los dirigentes \u00absabios\u00bb de las franjas de los a\u00f1os 70, 80 y 90 son fundamentales para revertir la falta de pol\u00edtica y la \u00abdesperonizaci\u00f3n\u00bb.<\/p>\n\n\n\n<p>Estos compa\u00f1eros de mayor edad ocupar\u00e1n <strong>\u00abcargos fundamentales\u00bb<\/strong> para acompa\u00f1ar la gesti\u00f3n. El dirigente subray\u00f3 que no se trata de una cuesti\u00f3n de edad, sino de <strong>experiencia, sabidur\u00eda y profesionalizaci\u00f3n pol\u00edtica<\/strong>, elementos esenciales que deben reincorporarse al justicialismo misionero.<\/p>\n\n\n\n<figure class=\"wp-block-embed is-type-video is-provider-youtube wp-block-embed-youtube wp-embed-aspect-9-16 wp-has-aspect-ratio\"><div class=\"wp-block-embed__wrapper\">\n<iframe loading=\"lazy\" title=\"&quot;\u00a1EL EGO DESTRUY\u00d3 AL PJ MISIONERO!&quot;  #elecciones2025 #pjmisiones\" width=\"563\" height=\"1000\" src=\"https:\/\/www.youtube.com\/embed\/r_SxRTMMhAw?feature=oembed\" frameborder=\"0\" allow=\"accelerometer; autoplay; clipboard-write; encrypted-media; gyroscope; picture-in-picture; web-share\" referrerpolicy=\"strict-origin-when-cross-origin\" allowfullscreen><\/iframe>\n<\/div><figcaption><strong>ENTREVISTA<\/strong><\/figcaption><\/figure>\n","protected":false},"excerpt":{"rendered":"<p>El dirigente de Convergencia Justicialista, Lalo Costa de Arg&uuml;ibel, critic&oacute; la divisi&oacute;n del campo popular y calific&oacute; de &laquo;desprop&oacute;sito&raquo; que el PJ, con hasta 20 puntos, no lograra consolidar una&hellip; <\/p>\n","protected":false},"author":4,"featured_media":37008,"comment_status":"closed","ping_status":"closed","sticky":false,"template":"","format":"standard","meta":{"_monsterinsights_skip_tracking":false,"_monsterinsights_sitenote_active":false,"_monsterinsights_sitenote_note":"","_monsterinsights_sitenote_category":0},"categories":[3],"tags":[703,792],"aioseo_notices":[],"_links":{"self":[{"href":"https:\/\/radionewsmisiones.ar\/site\/wp-json\/wp\/v2\/posts\/37007"}],"collection":[{"href":"https:\/\/radionewsmisiones.ar\/site\/wp-json\/wp\/v2\/posts"}],"about":[{"href":"https:\/\/radionewsmisiones.ar\/site\/wp-json\/wp\/v2\/types\/post"}],"author":[{"embeddable":true,"href":"https:\/\/radionewsmisiones.ar\/site\/wp-json\/wp\/v2\/users\/4"}],"replies":[{"embeddable":true,"href":"https:\/\/radionewsmisiones.ar\/site\/wp-json\/wp\/v2\/comments?post=37007"}],"version-history":[{"count":2,"href":"https:\/\/radionewsmisiones.ar\/site\/wp-json\/wp\/v2\/posts\/37007\/revisions"}],"predecessor-version":[{"id":37010,"href":"https:\/\/radionewsmisiones.ar\/site\/wp-json\/wp\/v2\/posts\/37007\/revisions\/37010"}],"wp:featuredmedia":[{"embeddable":true,"href":"https:\/\/radionewsmisiones.ar\/site\/wp-json\/wp\/v2\/media\/37008"}],"wp:attachment":[{"href":"https:\/\/radionewsmisiones.ar\/site\/wp-json\/wp\/v2\/media?parent=37007"}],"wp:term":[{"taxonomy":"category","embeddable":true,"href":"https:\/\/radionewsmisiones.ar\/site\/wp-json\/wp\/v2\/categories?post=37007"},{"taxonomy":"post_tag","embeddable":true,"href":"https:\/\/radionewsmisiones.ar\/site\/wp-json\/wp\/v2\/tags?post=37007"}],"curies":[{"name":"wp","href":"https:\/\/api.w.org\/{rel}","templated":true}]}}