{"id":37011,"date":"2025-10-28T18:54:20","date_gmt":"2025-10-28T21:54:20","guid":{"rendered":"https:\/\/radionewsmisiones.ar\/site\/?p=37011"},"modified":"2025-10-28T18:55:20","modified_gmt":"2025-10-28T21:55:20","slug":"la-sabana-electoral-y-el-voto-odio-cacho-barbaro-analiza-el-triunfo-libertario-y-el-conflicto-de-la-boleta-unica-en-misiones","status":"publish","type":"post","link":"https:\/\/radionewsmisiones.ar\/site\/provinciales\/la-sabana-electoral-y-el-voto-odio-cacho-barbaro-analiza-el-triunfo-libertario-y-el-conflicto-de-la-boleta-unica-en-misiones\/","title":{"rendered":"La \u00abS\u00e1bana\u00bb Electoral y el \u00abVoto Odio\u00bb: Cacho B\u00e1rbaro analiza el triunfo libertario y el conflicto de la Boleta \u00danica en Misiones"},"content":{"rendered":"\n<p><strong>H\u00e9ctor \u00abCacho\u00bb B\u00e1rbaro, diputado provincial electo por el Partido Agrario y Social (PAyS) y reciente candidato a diputado nacional, manifest\u00f3 su sorpresa ante la performance electoral de La Libertad Avanza (LLA) en Misiones, calificando el fen\u00f3meno como un \u00absello nacional\u00bb impulsado por el \u00abvoto odio\u00bb. Adem\u00e1s, identific\u00f3 serios obst\u00e1culos estructurales que har\u00edan \u00abmuy dif\u00edcil\u00bb la implementaci\u00f3n de la Boleta \u00danica de Papel (BUP) en la provincia.<\/strong><\/p>\n\n\n\n<p><strong>El factor sorpresa y la nacionalizaci\u00f3n del voto<\/strong><\/p>\n\n\n\n<p>El legislador, cuyo espacio (Frente Agrario y Social) subi\u00f3 aproximadamente 4000 votos respecto a elecciones anteriores, confes\u00f3 que el triunfo de La Libertad Avanza fue una sorpresa, ya que esperaba un mejor desempe\u00f1o del radicalismo.<\/p>\n\n\n\n<p>B\u00e1rbaro relat\u00f3 que la tendencia de LLA se evidenci\u00f3 incluso en zonas rurales, citando el ejemplo de Pueblo Ilia. All\u00ed, en un contexto donde los productores padec\u00edan la falta de valor de la yerba, el tabaco y la mandioca, LLA se posicion\u00f3 como segunda fuerza, dejando \u00ablejos atr\u00e1s\u00bb a la Renovaci\u00f3n.<\/p>\n\n\n\n<p>El diputado concluy\u00f3 que la ciudadan\u00eda \u00abnacionaliz\u00f3 la elecci\u00f3n\u00bb y que el voto se orient\u00f3 a los \u00absellos nacionales\u00bb, polariz\u00e1ndose entre LLA y la Renovaci\u00f3n o Fuerza Patria.<\/p>\n\n\n\n<p>\u00abLa gente nacionaliz\u00f3 la elecci\u00f3n y vot\u00f3, vot\u00f3&#8230; las figuras [nacionales] dir\u00edamos Fuerza Patria y la libertad avanza, por todo el <strong>sello nacional<\/strong>\u00ab.<\/p>\n\n\n\n<p>B\u00e1rbaro consider\u00f3 que el electorado vot\u00f3 sellos, no nombres, y que los candidatos libertarios locales como Diego Harfield y la segunda candidata (Maura Gruber) \u00abno caminaron 10 pasos en la provincia de Misiones\u00bb. La votaci\u00f3n a LLA respondi\u00f3 al \u00abvoto bronca, el <strong>voto odio<\/strong>\u00bb y al miedo, asemejando la situaci\u00f3n actual a la reelecci\u00f3n de Menem, donde la gente vota por temor a que \u00abse pudra todo\u00bb.<\/p>\n\n\n\n<p>La Boleta \u00danica, la Ley de Lemas y la \u00abS\u00e1bana\u00bb<\/p>\n\n\n\n<p>Al ser consultado sobre la posible aplicaci\u00f3n de la Boleta \u00danica de Papel (BUP) a nivel provincial, B\u00e1rbaro fue categ\u00f3rico: el sistema es \u00abmuy dif\u00edcil\u00bb de implementar junto con la actual Ley de Lemas.<\/p>\n\n\n\n<p>\u00abEl problema es c\u00f3mo hacer una Boleta \u00danica a nivel provincial con la Ley de Lemas. Es muy dif\u00edcil. Imaginate, vos vas a tener, va a tener que tener una <strong>s\u00e1bana<\/strong> ah\u00ed para todos los sublemas en un pueblo\u00bb.<\/p>\n\n\n\n<p>Como ejemplo del problema que genera la proliferaci\u00f3n de listas, mencion\u00f3 que un pueblo con 20 sublemas obligar\u00eda a incluir \u00ab20 fotos de 20 candidatos diferentes\u00bb en la BUP.<\/p>\n\n\n\n<p>B\u00e1rbaro, si bien no est\u00e1 totalmente en desacuerdo con la Ley de Lemas por permitir \u00abm\u00e1s participaci\u00f3n\u00bb y evitar el verticalismo, enfatiz\u00f3 la necesidad de reformarla para que sea funcional y permita la BUP.<\/p>\n\n\n\n<p><strong>Las Modificaciones Propuestas:<\/strong><\/p>\n\n\n\n<p>1. <strong>L\u00edmite de Sublemas:<\/strong> Establecer un l\u00edmite a la cantidad de sublemas por espacio pol\u00edtico, de acuerdo con la categor\u00eda del municipio. B\u00e1rbaro critic\u00f3 que la Renovaci\u00f3n tenga \u00abocho sublemas\u00bb en lugares como Hip\u00f3lito Irigoyen, calific\u00e1ndolo de \u00abuna verg\u00fcenza\u00bb.<\/p>\n\n\n\n<p>2. <strong>Balotaje:<\/strong> Proponer una segunda vuelta si un candidato no supera el 35% de los votos, \u00abaunque sea del mismo partido\u00bb.<\/p>\n\n\n\n<p>Seg\u00fan B\u00e1rbaro, aplicando estas modificaciones, se podr\u00eda tener alrededor de seis sublemas en un pueblo en lugar de 40, haciendo viable el sistema de Boleta \u00danica. Sin embargo, el proyecto de modificaci\u00f3n que \u00e9l present\u00f3 \u00abnunca pudo avanzar\u00bb porque \u00aba la Renovaci\u00f3n no le conviene\u00bb achicar la Ley de Lemas.<\/p>\n\n\n\n<figure class=\"wp-block-embed is-type-video is-provider-youtube wp-block-embed-youtube wp-embed-aspect-9-16 wp-has-aspect-ratio\"><div class=\"wp-block-embed__wrapper\">\n<iframe loading=\"lazy\" title=\"&quot;La Renovaci\u00f3n no quiere achicar la Ley de Lemas&quot; #elecciones2025 #leydelemas\" width=\"563\" height=\"1000\" src=\"https:\/\/www.youtube.com\/embed\/xFtWYjKbX1M?feature=oembed\" frameborder=\"0\" allow=\"accelerometer; autoplay; clipboard-write; encrypted-media; gyroscope; picture-in-picture; web-share\" referrerpolicy=\"strict-origin-when-cross-origin\" allowfullscreen><\/iframe>\n<\/div><figcaption><strong>ENTREVISTA<\/strong><\/figcaption><\/figure>\n","protected":false},"excerpt":{"rendered":"<p>H&eacute;ctor &laquo;Cacho&raquo; B&aacute;rbaro, diputado provincial electo por el Partido Agrario y Social (PAyS) y reciente candidato a diputado nacional, manifest&oacute; su sorpresa ante la performance electoral de La Libertad Avanza&hellip; <\/p>\n","protected":false},"author":4,"featured_media":37012,"comment_status":"closed","ping_status":"closed","sticky":false,"template":"","format":"standard","meta":{"_monsterinsights_skip_tracking":false,"_monsterinsights_sitenote_active":false,"_monsterinsights_sitenote_note":"","_monsterinsights_sitenote_category":0},"categories":[3],"tags":[698,600],"aioseo_notices":[],"_links":{"self":[{"href":"https:\/\/radionewsmisiones.ar\/site\/wp-json\/wp\/v2\/posts\/37011"}],"collection":[{"href":"https:\/\/radionewsmisiones.ar\/site\/wp-json\/wp\/v2\/posts"}],"about":[{"href":"https:\/\/radionewsmisiones.ar\/site\/wp-json\/wp\/v2\/types\/post"}],"author":[{"embeddable":true,"href":"https:\/\/radionewsmisiones.ar\/site\/wp-json\/wp\/v2\/users\/4"}],"replies":[{"embeddable":true,"href":"https:\/\/radionewsmisiones.ar\/site\/wp-json\/wp\/v2\/comments?post=37011"}],"version-history":[{"count":1,"href":"https:\/\/radionewsmisiones.ar\/site\/wp-json\/wp\/v2\/posts\/37011\/revisions"}],"predecessor-version":[{"id":37013,"href":"https:\/\/radionewsmisiones.ar\/site\/wp-json\/wp\/v2\/posts\/37011\/revisions\/37013"}],"wp:featuredmedia":[{"embeddable":true,"href":"https:\/\/radionewsmisiones.ar\/site\/wp-json\/wp\/v2\/media\/37012"}],"wp:attachment":[{"href":"https:\/\/radionewsmisiones.ar\/site\/wp-json\/wp\/v2\/media?parent=37011"}],"wp:term":[{"taxonomy":"category","embeddable":true,"href":"https:\/\/radionewsmisiones.ar\/site\/wp-json\/wp\/v2\/categories?post=37011"},{"taxonomy":"post_tag","embeddable":true,"href":"https:\/\/radionewsmisiones.ar\/site\/wp-json\/wp\/v2\/tags?post=37011"}],"curies":[{"name":"wp","href":"https:\/\/api.w.org\/{rel}","templated":true}]}}