{"id":37017,"date":"2025-10-29T07:24:07","date_gmt":"2025-10-29T10:24:07","guid":{"rendered":"https:\/\/radionewsmisiones.ar\/site\/?p=37017"},"modified":"2025-10-29T07:24:39","modified_gmt":"2025-10-29T10:24:39","slug":"cortes-de-transito-por-la-prueba-piloto-del-cierre-de-la-75-edicion-de-la-estudiantina","status":"publish","type":"post","link":"https:\/\/radionewsmisiones.ar\/site\/provinciales\/cortes-de-transito-por-la-prueba-piloto-del-cierre-de-la-75-edicion-de-la-estudiantina\/","title":{"rendered":"Cortes de tr\u00e1nsito por la prueba piloto del cierre de la 75\u00b0 edici\u00f3n de la Estudiantina"},"content":{"rendered":"\n<p>La Municipalidad de Posadas informa a la comunidad sobre los cortes de tr\u00e1nsito programados para este mi\u00e9rcoles 29 de octubre, con motivo de la prueba piloto del Cierre de la Estudiantina 2025 en la Cascada de la Costanera, que marca el cierre de la 75\u00b0 edici\u00f3n. Se solicita a conductores y peatones circular con precauci\u00f3n y respetar las indicaciones del personal de tr\u00e1nsito.<\/p>\n\n\n\n<figure class=\"wp-block-image size-large\"><img loading=\"lazy\" width=\"576\" height=\"1024\" src=\"https:\/\/radionewsmisiones.ar\/site\/wp-content\/uploads\/2025\/10\/WhatsApp-Image-2025-10-28-at-12.45.08-576x1024.jpeg\" alt=\"\" class=\"wp-image-37018\" srcset=\"https:\/\/radionewsmisiones.ar\/site\/wp-content\/uploads\/2025\/10\/WhatsApp-Image-2025-10-28-at-12.45.08-576x1024.jpeg 576w, https:\/\/radionewsmisiones.ar\/site\/wp-content\/uploads\/2025\/10\/WhatsApp-Image-2025-10-28-at-12.45.08-169x300.jpeg 169w, https:\/\/radionewsmisiones.ar\/site\/wp-content\/uploads\/2025\/10\/WhatsApp-Image-2025-10-28-at-12.45.08-768x1365.jpeg 768w, https:\/\/radionewsmisiones.ar\/site\/wp-content\/uploads\/2025\/10\/WhatsApp-Image-2025-10-28-at-12.45.08-864x1536.jpeg 864w, https:\/\/radionewsmisiones.ar\/site\/wp-content\/uploads\/2025\/10\/WhatsApp-Image-2025-10-28-at-12.45.08.jpeg 900w\" sizes=\"(max-width: 576px) 100vw, 576px\" \/><\/figure>\n\n\n\n<p>Cronograma y sectores afectados:<br>Lugar: Cascada de la Costanera<br>Fecha y horario: Mi\u00e9rcoles 29 de octubre, de 7:00 hs. a 23:00 hs.<\/p>\n\n\n\n<p>Cortes principales:<br>-Avenida Costanera, en la intersecci\u00f3n con calle Trincheras de San Jos\u00e9, hasta la intersecci\u00f3n con Avenida Cabred y Ambrosetti.<br>-Tambi\u00e9n se encontrar\u00e1 cortada la calle Luis Pasteur.<br>-V\u00eda Alternativa: Se podr\u00e1 circular con normalidad por el Acceso Sur para ingresar o salir de la ciudad.<\/p>\n\n\n\n<p>La Estudiantina de Posadas es la tradicional fiesta de los estudiantes secundarios. Este a\u00f1o, la celebraci\u00f3n alcanza su 75\u00b0 edici\u00f3n, con la participaci\u00f3n de 31 colegios que desplegaron todo su talento y esfuerzo en los desfiles sobre la Costanera.<\/p>\n","protected":false},"excerpt":{"rendered":"<p>La Municipalidad de Posadas informa a la comunidad sobre los cortes de tr&aacute;nsito programados para este mi&eacute;rcoles 29 de octubre, con motivo de la prueba piloto del Cierre de la&hellip; <\/p>\n","protected":false},"author":3,"featured_media":37018,"comment_status":"closed","ping_status":"closed","sticky":false,"template":"","format":"standard","meta":{"_monsterinsights_skip_tracking":false,"_monsterinsights_sitenote_active":false,"_monsterinsights_sitenote_note":"","_monsterinsights_sitenote_category":0},"categories":[3],"tags":[22],"aioseo_notices":[],"_links":{"self":[{"href":"https:\/\/radionewsmisiones.ar\/site\/wp-json\/wp\/v2\/posts\/37017"}],"collection":[{"href":"https:\/\/radionewsmisiones.ar\/site\/wp-json\/wp\/v2\/posts"}],"about":[{"href":"https:\/\/radionewsmisiones.ar\/site\/wp-json\/wp\/v2\/types\/post"}],"author":[{"embeddable":true,"href":"https:\/\/radionewsmisiones.ar\/site\/wp-json\/wp\/v2\/users\/3"}],"replies":[{"embeddable":true,"href":"https:\/\/radionewsmisiones.ar\/site\/wp-json\/wp\/v2\/comments?post=37017"}],"version-history":[{"count":1,"href":"https:\/\/radionewsmisiones.ar\/site\/wp-json\/wp\/v2\/posts\/37017\/revisions"}],"predecessor-version":[{"id":37019,"href":"https:\/\/radionewsmisiones.ar\/site\/wp-json\/wp\/v2\/posts\/37017\/revisions\/37019"}],"wp:featuredmedia":[{"embeddable":true,"href":"https:\/\/radionewsmisiones.ar\/site\/wp-json\/wp\/v2\/media\/37018"}],"wp:attachment":[{"href":"https:\/\/radionewsmisiones.ar\/site\/wp-json\/wp\/v2\/media?parent=37017"}],"wp:term":[{"taxonomy":"category","embeddable":true,"href":"https:\/\/radionewsmisiones.ar\/site\/wp-json\/wp\/v2\/categories?post=37017"},{"taxonomy":"post_tag","embeddable":true,"href":"https:\/\/radionewsmisiones.ar\/site\/wp-json\/wp\/v2\/tags?post=37017"}],"curies":[{"name":"wp","href":"https:\/\/api.w.org\/{rel}","templated":true}]}}