{"id":37980,"date":"2025-12-03T07:25:05","date_gmt":"2025-12-03T10:25:05","guid":{"rendered":"https:\/\/radionewsmisiones.ar\/site\/?p=37980"},"modified":"2025-12-03T07:25:35","modified_gmt":"2025-12-03T10:25:35","slug":"el-frente-grande-renovo-sus-autoridades-nacionales-mario-secco-fue-electo-presidente-y-sonia-mello-vicepresidenta-primera","status":"publish","type":"post","link":"https:\/\/radionewsmisiones.ar\/site\/nacionales\/el-frente-grande-renovo-sus-autoridades-nacionales-mario-secco-fue-electo-presidente-y-sonia-mello-vicepresidenta-primera\/","title":{"rendered":"El Frente Grande renov\u00f3 sus autoridades nacionales: Mario Secco fue electo presidente y Sonia Mello vicepresidenta primera"},"content":{"rendered":"\n<p>El Frente Grande Nacional celebr\u00f3 este s\u00e1bado 29 de noviembre su Congreso Nacional en la ciudad de La Plata, un encuentro clave donde se debati\u00f3 la situaci\u00f3n pol\u00edtica del pa\u00eds y se defini\u00f3 la nueva conducci\u00f3n partidaria de cara a los desaf\u00edos que atraviesa la Argentina.<\/p>\n\n\n\n<figure class=\"wp-block-image size-large\"><img loading=\"lazy\" width=\"1024\" height=\"667\" src=\"https:\/\/radionewsmisiones.ar\/site\/wp-content\/uploads\/2025\/11\/Imagen-de-WhatsApp-2025-11-30-a-las-19.17.00_a99ded42-1024x667.jpg\" alt=\"\" class=\"wp-image-37910\" srcset=\"https:\/\/radionewsmisiones.ar\/site\/wp-content\/uploads\/2025\/11\/Imagen-de-WhatsApp-2025-11-30-a-las-19.17.00_a99ded42-1024x667.jpg 1024w, https:\/\/radionewsmisiones.ar\/site\/wp-content\/uploads\/2025\/11\/Imagen-de-WhatsApp-2025-11-30-a-las-19.17.00_a99ded42-300x196.jpg 300w, https:\/\/radionewsmisiones.ar\/site\/wp-content\/uploads\/2025\/11\/Imagen-de-WhatsApp-2025-11-30-a-las-19.17.00_a99ded42-768x501.jpg 768w, https:\/\/radionewsmisiones.ar\/site\/wp-content\/uploads\/2025\/11\/Imagen-de-WhatsApp-2025-11-30-a-las-19.17.00_a99ded42.jpg 1080w\" sizes=\"(max-width: 1024px) 100vw, 1024px\" \/><\/figure>\n\n\n\n<p>Durante la jornada, los congresales de todo el pa\u00eds participaron de la votaci\u00f3n interna que determin\u00f3 las nuevas autoridades. Con una amplia mayor\u00eda, fue proclamado presidente Mario Secco, hist\u00f3rico referente del partido y actual intendente de Ensenada, provincia de Buenos Aires. Su elecci\u00f3n consolida un liderazgo con fuerte impronta territorial y militante.<\/p>\n\n\n\n<p>A su vez, la provincia de Misiones obtuvo un reconocimiento destacado dentro de la estructura nacional: Sonia Mello fue electa Vicepresidenta Primera, subrayando el rol protag\u00f3nico de la dirigencia misionera y el compromiso federal del Frente Grande. La elecci\u00f3n de Mello fue celebrada por la delegaci\u00f3n de Misiones, que destac\u00f3 su trayectoria en pol\u00edticas sociales, tierras y h\u00e1bitat, as\u00ed como su trabajo hist\u00f3rico en la construcci\u00f3n partidaria.<\/p>\n\n\n\n<p>El Congreso estuvo atravesado por debates sobre la coyuntura nacional, la defensa de los derechos sociales y la necesidad de fortalecer la organizaci\u00f3n pol\u00edtica frente al dif\u00edcil contexto econ\u00f3mico y social que atraviesa el pa\u00eds.<\/p>\n\n\n\n<p>El cierre del encuentro tuvo un momento especial: la presencia del gobernador de la provincia de Buenos Aires, Axel Kicillof, quien acompa\u00f1\u00f3 la proclamaci\u00f3n de las nuevas autoridades y envi\u00f3 un mensaje de respaldo pol\u00edtico, federal y militante. Su participaci\u00f3n reafirm\u00f3 la articulaci\u00f3n del Frente Grande dentro del amplio espacio del campo nacional y popular.<\/p>\n\n\n\n<p>Con nuevas autoridades y renovado impulso, el Frente Grande Nacional se prepara para encarar una nueva etapa de construcci\u00f3n pol\u00edtica, territorial y program\u00e1tica en todo el pa\u00eds.<\/p>\n","protected":false},"excerpt":{"rendered":"<p>El Frente Grande Nacional celebr&oacute; este s&aacute;bado 29 de noviembre su Congreso Nacional en la ciudad de La Plata, un encuentro clave donde se debati&oacute; la situaci&oacute;n pol&iacute;tica del pa&iacute;s&hellip; <\/p>\n","protected":false},"author":3,"featured_media":37910,"comment_status":"closed","ping_status":"closed","sticky":false,"template":"","format":"standard","meta":{"_monsterinsights_skip_tracking":false,"_monsterinsights_sitenote_active":false,"_monsterinsights_sitenote_note":"","_monsterinsights_sitenote_category":0},"categories":[4],"tags":[906],"aioseo_notices":[],"_links":{"self":[{"href":"https:\/\/radionewsmisiones.ar\/site\/wp-json\/wp\/v2\/posts\/37980"}],"collection":[{"href":"https:\/\/radionewsmisiones.ar\/site\/wp-json\/wp\/v2\/posts"}],"about":[{"href":"https:\/\/radionewsmisiones.ar\/site\/wp-json\/wp\/v2\/types\/post"}],"author":[{"embeddable":true,"href":"https:\/\/radionewsmisiones.ar\/site\/wp-json\/wp\/v2\/users\/3"}],"replies":[{"embeddable":true,"href":"https:\/\/radionewsmisiones.ar\/site\/wp-json\/wp\/v2\/comments?post=37980"}],"version-history":[{"count":1,"href":"https:\/\/radionewsmisiones.ar\/site\/wp-json\/wp\/v2\/posts\/37980\/revisions"}],"predecessor-version":[{"id":37981,"href":"https:\/\/radionewsmisiones.ar\/site\/wp-json\/wp\/v2\/posts\/37980\/revisions\/37981"}],"wp:featuredmedia":[{"embeddable":true,"href":"https:\/\/radionewsmisiones.ar\/site\/wp-json\/wp\/v2\/media\/37910"}],"wp:attachment":[{"href":"https:\/\/radionewsmisiones.ar\/site\/wp-json\/wp\/v2\/media?parent=37980"}],"wp:term":[{"taxonomy":"category","embeddable":true,"href":"https:\/\/radionewsmisiones.ar\/site\/wp-json\/wp\/v2\/categories?post=37980"},{"taxonomy":"post_tag","embeddable":true,"href":"https:\/\/radionewsmisiones.ar\/site\/wp-json\/wp\/v2\/tags?post=37980"}],"curies":[{"name":"wp","href":"https:\/\/api.w.org\/{rel}","templated":true}]}}