{"id":37982,"date":"2025-12-03T07:26:59","date_gmt":"2025-12-03T10:26:59","guid":{"rendered":"https:\/\/radionewsmisiones.ar\/site\/?p=37982"},"modified":"2025-12-03T07:27:29","modified_gmt":"2025-12-03T10:27:29","slug":"nuevas-tecnologias-incorporadas-a-la-morgue-judicial","status":"publish","type":"post","link":"https:\/\/radionewsmisiones.ar\/site\/provinciales\/nuevas-tecnologias-incorporadas-a-la-morgue-judicial\/","title":{"rendered":"Nuevas tecnolog\u00edas incorporadas a la Morgue Judicial"},"content":{"rendered":"\n<p>El Superior Tribunal de Justicia de la Provincia vuelve a posicionarse a la vanguardia tecnol\u00f3gica a partir de la presentaci\u00f3n de nuevas m\u00e1quinas en la Morgue Judicial que permiten realizar determinaciones precisas, sensibles y cient\u00edficamente robustas manejadas por recursos humanos altamente capacitados.<\/p>\n\n\n\n<figure class=\"wp-block-image size-large\"><img loading=\"lazy\" width=\"1024\" height=\"574\" src=\"https:\/\/radionewsmisiones.ar\/site\/wp-content\/uploads\/2025\/12\/WhatsApp-Image-2025-12-02-at-12.22.43-1024x574.jpeg\" alt=\"\" class=\"wp-image-37983\" srcset=\"https:\/\/radionewsmisiones.ar\/site\/wp-content\/uploads\/2025\/12\/WhatsApp-Image-2025-12-02-at-12.22.43-1024x574.jpeg 1024w, https:\/\/radionewsmisiones.ar\/site\/wp-content\/uploads\/2025\/12\/WhatsApp-Image-2025-12-02-at-12.22.43-300x168.jpeg 300w, https:\/\/radionewsmisiones.ar\/site\/wp-content\/uploads\/2025\/12\/WhatsApp-Image-2025-12-02-at-12.22.43-768x431.jpeg 768w, https:\/\/radionewsmisiones.ar\/site\/wp-content\/uploads\/2025\/12\/WhatsApp-Image-2025-12-02-at-12.22.43-1536x861.jpeg 1536w, https:\/\/radionewsmisiones.ar\/site\/wp-content\/uploads\/2025\/12\/WhatsApp-Image-2025-12-02-at-12.22.43.jpeg 1600w\" sizes=\"(max-width: 1024px) 100vw, 1024px\" \/><\/figure>\n\n\n\n<p><br>Estuvieron presentes la presidente del Superior Tribunal de Justicia, Rosanna P\u00eda Venchiarutti Sartori, el Ministro de Enlace del Cuerpo M\u00e9dico Forense, Cristian Marcelo Benitez, los Ministros Froil\u00e1n Zarza, Juan Manuel D\u00edaz, el Procurador General, Carlos Jorge Gim\u00e9nez, el jefe del Cuerpo M\u00e9dico Forense, N\u00e9stor Javier Bellusci, y el subjefe del Cuerpo M\u00e9dico Forense, Carlos Sebasti\u00e1n Wolheim.<\/p>\n\n\n\n<p><br>El incremento en la complejidad de los casos judiciales y la diversidad de matrices anal\u00edticas involucradas exige contar adem\u00e1s de profesionales bioqu\u00edmicos competentes, con tecnolog\u00edas que permitan realizar determinaciones precisas, sensibles y cient\u00edficamente robustas, con esta incorporaci\u00f3n la Morgue Judicial misionera se posiciona entre las cuatro provincias que que cuentan con esta tecnolog\u00eda que acelera y mejora las pericias medicas en diversos casos.<\/p>\n\n\n\n<p><br>La Presidente del STJ remarc\u00f3 la capacidad de gesti\u00f3n del Poder Judicial de la Provincia que en materia de Criminalistica trabaja no s\u00f3lo con las fuerzas provinciales sino que \u201cdesde la Justicia Federal se requiere la intervenci\u00f3n del \u00e1rea, el personal y equipo de la Morgue judicial cuenta con la experiencia que ayuda a la resoluci\u00f3n del conflicto en todo lo que la justicia refiere\u201d.<\/p>\n\n\n\n<p><br>Por su parte, N\u00e9stor Javier Bellusci manifest\u00f3 su satisfacci\u00f3n respecto a esta adquisici\u00f3n de equipos: \u201cNos posiciona en otro nivel en comparaci\u00f3n con otras provincias, es un equipo de \u00faltima tecnolog\u00eda, un equipo de vanguardia\u201d. Adem\u00e1s agreg\u00f3 que va a permitir el secado de prendas de algunos objetos por la conservaci\u00f3n del material biol\u00f3gico.<\/p>\n\n\n\n<p><br>De esta manera, el instrumental anal\u00edtico avanzado permite asegurar la confiabilidad y validez cient\u00edfica de los an\u00e1lisis forenses, ampliar el alcance anal\u00edtico del laboratorio, reducir la dependencia de laboratorios externos, cumplir con est\u00e1ndares internacionales de buenas pr\u00e1cticas de laboratorio y optimizar la eficiencia operativa.<\/p>\n\n\n\n<p><br>Carlos Sebasti\u00e1n Wolheim cont\u00f3 que ser\u00e1 una tecnolog\u00eda que est\u00e1 ya est\u00e1 en funcionamiento ya ayer se hicieron las primeras pruebas \u201ces la punta del iceberg de una investigaci\u00f3n forense y judicial, es ac\u00e1 donde nace todo, vamos a ver todas las ciencias conexas para dar respuestas a cuestiones m\u00e9dicas a la justicia, con un suficiente respaldo cient\u00edfico\u201d cerr\u00f3.<\/p>\n\n\n\n<p><br>El acto tambi\u00e9n cont\u00f3 con la presencia de autoridades de las Fuerzas de Seguridad vinculadas a pericias cient\u00edficas que trabajan interinstitucionalmente con el Cuerpo M\u00e9dico Forense.<br>El Laboratorio de Ciencias Forenses, del Poder Judicial de Misiones actualmente cuenta con el siguiente equipamiento en funcionamiento:<br>\u2022 Cromatograf\u00eda Gaseosa acoplada a Espectrometr\u00eda de Masas<br>\u2022 Cromatograf\u00eda L\u00edquida de Alta Performance<br>\u2022 Cromatograf\u00eda Gaseosa<br>\u2022 Espectroscop\u00eda de Absorci\u00f3n At\u00f3mica<br>Es en este sentido, que el personal id\u00f3neo y capacitado constituye referentes consultivos de otras provincias debido a la disponibilidad de este equipamiento que representa una inversi\u00f3n estrat\u00e9gica para la consolidaci\u00f3n de un laboratorio forense moderno, competitivo y cient\u00edficamente s\u00f3lido.<\/p>\n","protected":false},"excerpt":{"rendered":"<p>El Superior Tribunal de Justicia de la Provincia vuelve a posicionarse a la vanguardia tecnol&oacute;gica a partir de la presentaci&oacute;n de nuevas m&aacute;quinas en la Morgue Judicial que permiten realizar&hellip; <\/p>\n","protected":false},"author":3,"featured_media":37984,"comment_status":"closed","ping_status":"closed","sticky":false,"template":"","format":"standard","meta":{"_monsterinsights_skip_tracking":false,"_monsterinsights_sitenote_active":false,"_monsterinsights_sitenote_note":"","_monsterinsights_sitenote_category":0},"categories":[3],"tags":[29],"aioseo_notices":[],"_links":{"self":[{"href":"https:\/\/radionewsmisiones.ar\/site\/wp-json\/wp\/v2\/posts\/37982"}],"collection":[{"href":"https:\/\/radionewsmisiones.ar\/site\/wp-json\/wp\/v2\/posts"}],"about":[{"href":"https:\/\/radionewsmisiones.ar\/site\/wp-json\/wp\/v2\/types\/post"}],"author":[{"embeddable":true,"href":"https:\/\/radionewsmisiones.ar\/site\/wp-json\/wp\/v2\/users\/3"}],"replies":[{"embeddable":true,"href":"https:\/\/radionewsmisiones.ar\/site\/wp-json\/wp\/v2\/comments?post=37982"}],"version-history":[{"count":1,"href":"https:\/\/radionewsmisiones.ar\/site\/wp-json\/wp\/v2\/posts\/37982\/revisions"}],"predecessor-version":[{"id":37985,"href":"https:\/\/radionewsmisiones.ar\/site\/wp-json\/wp\/v2\/posts\/37982\/revisions\/37985"}],"wp:featuredmedia":[{"embeddable":true,"href":"https:\/\/radionewsmisiones.ar\/site\/wp-json\/wp\/v2\/media\/37984"}],"wp:attachment":[{"href":"https:\/\/radionewsmisiones.ar\/site\/wp-json\/wp\/v2\/media?parent=37982"}],"wp:term":[{"taxonomy":"category","embeddable":true,"href":"https:\/\/radionewsmisiones.ar\/site\/wp-json\/wp\/v2\/categories?post=37982"},{"taxonomy":"post_tag","embeddable":true,"href":"https:\/\/radionewsmisiones.ar\/site\/wp-json\/wp\/v2\/tags?post=37982"}],"curies":[{"name":"wp","href":"https:\/\/api.w.org\/{rel}","templated":true}]}}