{"id":37986,"date":"2025-12-03T07:31:12","date_gmt":"2025-12-03T10:31:12","guid":{"rendered":"https:\/\/radionewsmisiones.ar\/site\/?p=37986"},"modified":"2025-12-03T07:31:40","modified_gmt":"2025-12-03T10:31:40","slug":"se-realizo-en-la-legislatura-de-misiones-una-charla-por-el-dia-mundial-de-la-respuesta-al-vih","status":"publish","type":"post","link":"https:\/\/radionewsmisiones.ar\/site\/provinciales\/se-realizo-en-la-legislatura-de-misiones-una-charla-por-el-dia-mundial-de-la-respuesta-al-vih\/","title":{"rendered":"Se realiz\u00f3 en la Legislatura de Misiones una charla por el D\u00eda Mundial de la Respuesta al VIH"},"content":{"rendered":"\n<p><strong>La C\u00e1mara de Representantes llev\u00f3 adelante una jornada de sensibilizaci\u00f3n en el contexto del D\u00eda Mundial de la Respuesta al virus de la inmunodeficiencia humana (VIH). Fue en el Sal\u00f3n de las Dos Constituciones, donde la diputada Lilian Tartaglino abri\u00f3 el encuentro y salud\u00f3 en nombre del presidente de la Legislatura, Oscar Herrera Ahuad, y del vicepresidente primero, Mart\u00edn Cesino.<\/strong><\/p>\n\n\n\n<figure class=\"wp-block-image size-full\"><img loading=\"lazy\" width=\"1024\" height=\"683\" src=\"https:\/\/radionewsmisiones.ar\/site\/wp-content\/uploads\/2025\/12\/DSC_0509.jpg\" alt=\"\" class=\"wp-image-37987\" srcset=\"https:\/\/radionewsmisiones.ar\/site\/wp-content\/uploads\/2025\/12\/DSC_0509.jpg 1024w, https:\/\/radionewsmisiones.ar\/site\/wp-content\/uploads\/2025\/12\/DSC_0509-300x200.jpg 300w, https:\/\/radionewsmisiones.ar\/site\/wp-content\/uploads\/2025\/12\/DSC_0509-768x512.jpg 768w\" sizes=\"(max-width: 1024px) 100vw, 1024px\" \/><\/figure>\n\n\n\n<p>En su mensaje, Tartaglino agradeci\u00f3 la presencia de los profesionales que integraron el panel y destac\u00f3 la importancia de reflexionar \u201csobre qu\u00e9 estamos haciendo en materia de prevenci\u00f3n, en todas las edades, y c\u00f3mo estamos comunicando\u201d.<\/p>\n\n\n\n<p>Se\u00f1al\u00f3 que se observa un incremento de otras infecciones de transmisi\u00f3n sexual, \u201calgunas sin cura\u201d, lo que obliga a reforzar la educaci\u00f3n, la vacunaci\u00f3n y el acceso al testeo gratuito.<\/p>\n\n\n\n<p>La legisladora remarc\u00f3 la necesidad de \u201cpensar qu\u00e9 est\u00e1 pasando con la prevenci\u00f3n, tambi\u00e9n en las personas adultas\u201d, e insisti\u00f3 en promover el testeo r\u00e1pido como herramienta para modificar pron\u00f3sticos y evitar nuevas transmisiones.<\/p>\n\n\n\n<p>Adem\u00e1s, mencion\u00f3 el lema propuesto por la Organizaci\u00f3n Panamericana de la Salud, \u201cCero muertes por SIDA en 2030\u201d, y advirti\u00f3 que el proyecto de Presupuesto Nacional 2026 \u201cno contempla campa\u00f1as de educaci\u00f3n, prevenci\u00f3n ni provisi\u00f3n de insumos fundamentales\u201d.<\/p>\n\n\n\n<p>A continuaci\u00f3n, el m\u00e9dico infect\u00f3logo y jefe del Programa Provincial de VIH, Hepatitis Virales e Infecciones de Transmisi\u00f3n Sexual, Fabi\u00e1n Zelaya, present\u00f3 un panorama general sobre la situaci\u00f3n actual del VIH en el pa\u00eds y en la provincia, los avances en tratamientos y la importancia del diagn\u00f3stico temprano.<\/p>\n\n\n\n<p>Explic\u00f3 que el VIH \u201cdej\u00f3 de ser una enfermedad mortal para pasar a ser una infecci\u00f3n cr\u00f3nica tratable\u201d, subray\u00f3 que la carga viral indetectable implica intransmisibilidad y remarc\u00f3 que reducir el estigma sigue siendo un desaf\u00edo social.<\/p>\n\n\n\n<p>Tambi\u00e9n se refiri\u00f3 a las metas internacionales de eliminaci\u00f3n del SIDA como problema de salud p\u00fablica y destac\u00f3 que desde 2023 no se registran casos de transmisi\u00f3n vertical en Misiones, lo que refleja el trabajo coordinado en el \u00e1mbito sanitario.<\/p>\n\n\n\n<p>La ginec\u00f3loga infanto-juvenil del Hospital Pedi\u00e1trico \u201cDr. Fernando Barreyro\u201d, Cecilia Roses, expuso un informe actualizado sobre la situaci\u00f3n de VIH e infecciones de transmisi\u00f3n sexual en Argentina, y explic\u00f3 que la detecci\u00f3n oportuna y el acceso a tratamientos adecuados son claves para lograr los objetivos de control establecidos por organismos internacionales.<\/p>\n\n\n\n<p>Por su parte, el director de Prevenci\u00f3n y Asistencia Interjurisdiccional del Ministerio de Desarrollo Social, Nicol\u00e1s Pintos, junto con el equipo de Preventores Sociales, describi\u00f3 el trabajo territorial que se realiza en testeo r\u00e1pido, preconsejer\u00eda en acceso a derechos y acompa\u00f1amiento comunitario.<\/p>\n\n\n\n<p>Finalmente, la licenciada en Trabajo Social \u00c1ngela Radaelli, integrante del Hospital P\u00fablico Provincial de Pediatr\u00eda y exmiembro del Programa Provincial de VIH, Hepatitis Virales e ITS, desarroll\u00f3 una presentaci\u00f3n desde una perspectiva de derechos, destacando la importancia de garantizar dignidad, acceso y respuestas integrales para las personas que viven con VIH.&nbsp;<\/p>\n","protected":false},"excerpt":{"rendered":"<p>La C&aacute;mara de Representantes llev&oacute; adelante una jornada de sensibilizaci&oacute;n en el contexto del D&iacute;a Mundial de la Respuesta al virus de la inmunodeficiencia humana (VIH). Fue en el Sal&oacute;n&hellip; <\/p>\n","protected":false},"author":3,"featured_media":37988,"comment_status":"closed","ping_status":"closed","sticky":false,"template":"","format":"standard","meta":{"_monsterinsights_skip_tracking":false,"_monsterinsights_sitenote_active":false,"_monsterinsights_sitenote_note":"","_monsterinsights_sitenote_category":0},"categories":[3],"tags":[7],"aioseo_notices":[],"_links":{"self":[{"href":"https:\/\/radionewsmisiones.ar\/site\/wp-json\/wp\/v2\/posts\/37986"}],"collection":[{"href":"https:\/\/radionewsmisiones.ar\/site\/wp-json\/wp\/v2\/posts"}],"about":[{"href":"https:\/\/radionewsmisiones.ar\/site\/wp-json\/wp\/v2\/types\/post"}],"author":[{"embeddable":true,"href":"https:\/\/radionewsmisiones.ar\/site\/wp-json\/wp\/v2\/users\/3"}],"replies":[{"embeddable":true,"href":"https:\/\/radionewsmisiones.ar\/site\/wp-json\/wp\/v2\/comments?post=37986"}],"version-history":[{"count":1,"href":"https:\/\/radionewsmisiones.ar\/site\/wp-json\/wp\/v2\/posts\/37986\/revisions"}],"predecessor-version":[{"id":37989,"href":"https:\/\/radionewsmisiones.ar\/site\/wp-json\/wp\/v2\/posts\/37986\/revisions\/37989"}],"wp:featuredmedia":[{"embeddable":true,"href":"https:\/\/radionewsmisiones.ar\/site\/wp-json\/wp\/v2\/media\/37988"}],"wp:attachment":[{"href":"https:\/\/radionewsmisiones.ar\/site\/wp-json\/wp\/v2\/media?parent=37986"}],"wp:term":[{"taxonomy":"category","embeddable":true,"href":"https:\/\/radionewsmisiones.ar\/site\/wp-json\/wp\/v2\/categories?post=37986"},{"taxonomy":"post_tag","embeddable":true,"href":"https:\/\/radionewsmisiones.ar\/site\/wp-json\/wp\/v2\/tags?post=37986"}],"curies":[{"name":"wp","href":"https:\/\/api.w.org\/{rel}","templated":true}]}}