{"id":37990,"date":"2025-12-03T07:32:29","date_gmt":"2025-12-03T10:32:29","guid":{"rendered":"https:\/\/radionewsmisiones.ar\/site\/?p=37990"},"modified":"2025-12-03T07:33:00","modified_gmt":"2025-12-03T10:33:00","slug":"la-legislatura-recibio-a-representantes-de-la-fundacion-hanns-seidel-para-avanzar-en-cooperacion-institucional-y-formacion-parlamentaria","status":"publish","type":"post","link":"https:\/\/radionewsmisiones.ar\/site\/provinciales\/la-legislatura-recibio-a-representantes-de-la-fundacion-hanns-seidel-para-avanzar-en-cooperacion-institucional-y-formacion-parlamentaria\/","title":{"rendered":"La Legislatura recibi\u00f3 a representantes de la Fundaci\u00f3n Hanns Seidel para avanzar en cooperaci\u00f3n institucional y formaci\u00f3n parlamentaria"},"content":{"rendered":"\n<p><strong>La C\u00e1mara de Representantes de Misiones recibi\u00f3 este martes a una comitiva de la Fundaci\u00f3n Hanns Seidel (FHS) de Alemania, en un encuentro encabezado por el vicepresidente primero de la Legislatura, Mart\u00edn Cesino, acompa\u00f1ado por las diputadas Sara Carolina Butvilofsky y Anazul Centeno, y el diputado Alejandro Arnhold. Tambi\u00e9n participaron el representante de la FHS en Argentina, profesor Klaus Georg Binder; el profesor Juan de Dios Cincunegui; Ada Isabel Cuao Burgos y Sabine Krull.<\/strong><\/p>\n\n\n\n<figure class=\"wp-block-image size-large\"><img loading=\"lazy\" width=\"1024\" height=\"566\" src=\"https:\/\/radionewsmisiones.ar\/site\/wp-content\/uploads\/2025\/12\/DSC_0573-1024x566.jpg\" alt=\"\" class=\"wp-image-37991\" srcset=\"https:\/\/radionewsmisiones.ar\/site\/wp-content\/uploads\/2025\/12\/DSC_0573-1024x566.jpg 1024w, https:\/\/radionewsmisiones.ar\/site\/wp-content\/uploads\/2025\/12\/DSC_0573-300x166.jpg 300w, https:\/\/radionewsmisiones.ar\/site\/wp-content\/uploads\/2025\/12\/DSC_0573-768x424.jpg 768w, https:\/\/radionewsmisiones.ar\/site\/wp-content\/uploads\/2025\/12\/DSC_0573-1536x848.jpg 1536w, https:\/\/radionewsmisiones.ar\/site\/wp-content\/uploads\/2025\/12\/DSC_0573.jpg 2048w\" sizes=\"(max-width: 1024px) 100vw, 1024px\" \/><\/figure>\n\n\n\n<p>La diputada Butvilofsky, quien transmiti\u00f3 el saludo del presidente de la C\u00e1mara, Oscar Herrera Ahuad, destac\u00f3 que la Fundaci\u00f3n Hanns Seidel, dependiente del gobierno alem\u00e1n, trabaja para fortalecer las democracias parlamentarias modernas y que observa un inter\u00e9s estrat\u00e9gico en Misiones por su fuerte ra\u00edz cultural: record\u00f3 que de los 1.200.000 habitantes de la provincia, cerca de 400.000 son descendientes de alemanes, lo que abre un campo propicio para la cooperaci\u00f3n institucional y la formaci\u00f3n parlamentaria.<\/p>\n\n\n\n<p>Se\u00f1al\u00f3, adem\u00e1s, que la entidad ofrece su estructura acad\u00e9mica y su apoyo para dictar cursos orientados a mejorar los procesos legislativos locales, con acompa\u00f1amiento econ\u00f3mico e institucional del Estado de Baviera.<\/p>\n\n\n\n<p>La legisladora explic\u00f3 que se analizan programas de capacitaci\u00f3n vinculados a formaci\u00f3n parlamentaria, diplomacia parlamentaria e ingl\u00e9s t\u00e9cnico para los equipos de la C\u00e1mara, considerando el perfil internacional de Misiones, su ubicaci\u00f3n fronteriza, la afluencia tur\u00edstica y la necesidad creciente de manejar idiomas en \u00e1mbitos institucionales.<\/p>\n\n\n\n<p>Tambi\u00e9n mencion\u00f3 el inter\u00e9s de profundizar l\u00edneas de trabajo relacionadas con la participaci\u00f3n de la mujer en los parlamentos y con tem\u00e1ticas de salud.<\/p>\n\n\n\n<p>Por su parte, el profesor Binder inform\u00f3 que se avanz\u00f3 en la elaboraci\u00f3n de un borrador de convenio marco con la Legislatura para desarrollar acciones conjuntas en \u00e1reas como salud, igualdad de g\u00e9nero e incorporaci\u00f3n de herramientas de inteligencia artificial en los procesos parlamentarios.<\/p>\n\n\n\n<p>Anticip\u00f3 que el pr\u00f3ximo a\u00f1o la FHS ofrecer\u00e1 cursos de ingl\u00e9s t\u00e9cnico destinados a diputados y personal legislativo, orientados a fortalecer competencias vinculadas a t\u00e9cnicas legislativas.<\/p>\n\n\n\n<p>Consider\u00f3 que la firma del convenio podr\u00eda concretarse a comienzos del a\u00f1o pr\u00f3ximo y valor\u00f3 como \u201cmuy fruct\u00edfera\u201d la jornada de trabajo con el Parlamento misionero.<\/p>\n\n\n\n<p>Luego los visitantes conocieron el Embajador Legislativo Misionero, el programa de la C\u00e1mara que recorre la provincia y funciona a trav\u00e9s de un m\u00f3vil con tecnolog\u00eda de \u00faltima generaci\u00f3n para acercar el conocimiento parlamentario a la ciudadan\u00eda.<\/p>\n\n\n\n<p>Despu\u00e9s fueron recibidos en el Recinto por la secretaria del Centro del Conocimiento Parlamentario, Patricia L\u00f3pez, quien detall\u00f3 c\u00f3mo este m\u00f3vil, adem\u00e1s de visitar las escuelas, \u201cparticipa de las fiestas populares, donde las familias se suman a juegos did\u00e1cticos, aprenden de manera divertida y se llevan un lindo recuerdo\u201d.<\/p>\n","protected":false},"excerpt":{"rendered":"<p>La C&aacute;mara de Representantes de Misiones recibi&oacute; este martes a una comitiva de la Fundaci&oacute;n Hanns Seidel (FHS) de Alemania, en un encuentro encabezado por el vicepresidente primero de la&hellip; <\/p>\n","protected":false},"author":3,"featured_media":37992,"comment_status":"closed","ping_status":"closed","sticky":false,"template":"","format":"standard","meta":{"_monsterinsights_skip_tracking":false,"_monsterinsights_sitenote_active":false,"_monsterinsights_sitenote_note":"","_monsterinsights_sitenote_category":0},"categories":[3],"tags":[7],"aioseo_notices":[],"_links":{"self":[{"href":"https:\/\/radionewsmisiones.ar\/site\/wp-json\/wp\/v2\/posts\/37990"}],"collection":[{"href":"https:\/\/radionewsmisiones.ar\/site\/wp-json\/wp\/v2\/posts"}],"about":[{"href":"https:\/\/radionewsmisiones.ar\/site\/wp-json\/wp\/v2\/types\/post"}],"author":[{"embeddable":true,"href":"https:\/\/radionewsmisiones.ar\/site\/wp-json\/wp\/v2\/users\/3"}],"replies":[{"embeddable":true,"href":"https:\/\/radionewsmisiones.ar\/site\/wp-json\/wp\/v2\/comments?post=37990"}],"version-history":[{"count":1,"href":"https:\/\/radionewsmisiones.ar\/site\/wp-json\/wp\/v2\/posts\/37990\/revisions"}],"predecessor-version":[{"id":37993,"href":"https:\/\/radionewsmisiones.ar\/site\/wp-json\/wp\/v2\/posts\/37990\/revisions\/37993"}],"wp:featuredmedia":[{"embeddable":true,"href":"https:\/\/radionewsmisiones.ar\/site\/wp-json\/wp\/v2\/media\/37992"}],"wp:attachment":[{"href":"https:\/\/radionewsmisiones.ar\/site\/wp-json\/wp\/v2\/media?parent=37990"}],"wp:term":[{"taxonomy":"category","embeddable":true,"href":"https:\/\/radionewsmisiones.ar\/site\/wp-json\/wp\/v2\/categories?post=37990"},{"taxonomy":"post_tag","embeddable":true,"href":"https:\/\/radionewsmisiones.ar\/site\/wp-json\/wp\/v2\/tags?post=37990"}],"curies":[{"name":"wp","href":"https:\/\/api.w.org\/{rel}","templated":true}]}}