{"id":37994,"date":"2025-12-03T07:44:00","date_gmt":"2025-12-03T10:44:00","guid":{"rendered":"https:\/\/radionewsmisiones.ar\/site\/?p=37994"},"modified":"2025-12-03T07:44:04","modified_gmt":"2025-12-03T10:44:04","slug":"misiones-fijo-el-nuevo-precio-del-te-garantizando-previsibilidad-a-la-cadena-productiva","status":"publish","type":"post","link":"https:\/\/radionewsmisiones.ar\/site\/provinciales\/misiones-fijo-el-nuevo-precio-del-te-garantizando-previsibilidad-a-la-cadena-productiva\/","title":{"rendered":"Misiones fij\u00f3 el nuevo precio del t\u00e9 garantizando previsibilidad a la cadena productiva"},"content":{"rendered":"\n<p>El Ministerio del Agro y la Comisi\u00f3n Provincial del T\u00e9 establecieron el nuevo esquema de precios para la actividad tealera: $650 por kilo de t\u00e9 elaborado, concertado en el \u00e1mbito de la COPROTE, y $100 por kilo de hoja verde puesto en secadero como Precio Garant\u00eda fijado por la cartera agraria. La resoluci\u00f3n incorpora un mecanismo de actualizaci\u00f3n conforme a la evoluci\u00f3n de los costos y del mercado.<\/p>\n\n\n\n<figure class=\"wp-block-image size-full\"><img loading=\"lazy\" width=\"895\" height=\"600\" src=\"https:\/\/radionewsmisiones.ar\/site\/wp-content\/uploads\/2025\/12\/image-22.jpeg\" alt=\"\" class=\"wp-image-37995\" srcset=\"https:\/\/radionewsmisiones.ar\/site\/wp-content\/uploads\/2025\/12\/image-22.jpeg 895w, https:\/\/radionewsmisiones.ar\/site\/wp-content\/uploads\/2025\/12\/image-22-300x201.jpeg 300w, https:\/\/radionewsmisiones.ar\/site\/wp-content\/uploads\/2025\/12\/image-22-768x515.jpeg 768w\" sizes=\"(max-width: 895px) 100vw, 895px\" \/><\/figure>\n\n\n\n<p>El Ministerio del Agro y la Producci\u00f3n mantuvo una reuni\u00f3n t\u00e9cnica con representantes de la Comisi\u00f3n Provincial del T\u00e9 (CO.PRO.T\u00c9) a fin de consensuar los par\u00e1metros econ\u00f3micos y productivos que forman parte de la resoluci\u00f3n ya publicada. En ese marco se concert\u00f3 el precio del t\u00e9 elaborado no tipificado, mientras que el reajuste del Precio Garant\u00eda para el brote de t\u00e9 puesto en secadero fue determinado por el Ministerio, atendiendo a la informaci\u00f3n t\u00e9cnica y econ\u00f3mica disponible.<\/p>\n\n\n\n<p>La resoluci\u00f3n ministerial N\u00b0 121\/25 establece que el t\u00e9 elaborado no tipificado tendr\u00e1 un valor de $650 por kilogramo, mientras que el Precio Garant\u00eda -el monto m\u00ednimo que debe abonar la industria al productor por el brote de t\u00e9 puesto en secadero- se actualiza a $100 por kilogramo de hoja, a abonarse desde la publicaci\u00f3n oficial. Asimismo, prev\u00e9 un mecanismo de actualizaci\u00f3n en funci\u00f3n del tipo de cambio, los costos agr\u00edcolas e industriales, el comportamiento del mercado interno y externo y otros indicadores que afectan directamente la ecuaci\u00f3n productiva.<\/p>\n\n\n\n<p>El ministro del Agro y la Producci\u00f3n, Facundo L\u00f3pez Sartori, explic\u00f3 que el incremento del Precio Garant\u00eda \u201cse basa principalmente en la variaci\u00f3n del d\u00f3lar exportador, que mejora la capacidad de ingreso de la industria y permite recomponer el valor m\u00ednimo que debe percibir el productor\u201d. Tambi\u00e9n subray\u00f3 que \u201cla resoluci\u00f3n prev\u00e9 un esquema de revisi\u00f3n permanente, porque la variaci\u00f3n del tipo de cambio y de los costos productivos obliga a monitorear de cerca la situaci\u00f3n para tomar decisiones con base t\u00e9cnica y evitar desfasajes\u201d.<\/p>\n\n\n\n<p>Por su parte, la subsecretaria de Desarrollo y Producci\u00f3n Vegetal, Luciana Imbrogno, precis\u00f3 que el valor de $100\/kg se trata de un precio piso que \u201crepresenta estrictamente el umbral m\u00ednimo que la industria debe garantizar al productor, sin contemplar adicionales como certificaciones, manejo de malezas o mejoras de calidad, que se suman por fuera de este monto\u201d. Se\u00f1al\u00f3 que \u201cla actualizaci\u00f3n se centr\u00f3 en el impacto del d\u00f3lar exportador, que es hoy el factor que m\u00e1s incide en la capacidad de pago del sector industrial y en la necesidad de trasladar parte de esa mejora al productor\u201d.<\/p>\n\n\n\n<p>La cartera agraria remarc\u00f3 que el valor del t\u00e9 elaborado fue consensuado con los integrantes de la CO.PRO.T\u00c9, mientras que el reajuste del precio en rama fue determinado por la autoridad ministerial para asegurar previsibilidad y sostener la base m\u00ednima de ingresos del productor en un contexto de fuerte sensibilidad al mercado exportador. Con la resoluci\u00f3n ya en vigencia, el Gobierno de Misiones reafirma su compromiso con la estabilidad, la transparencia y la competitividad del sector tealero, asegurando herramientas de actualizaci\u00f3n acordes a la din\u00e1mica econ\u00f3mica del pa\u00eds y de los mercados internacionales.<\/p>\n","protected":false},"excerpt":{"rendered":"<p>El Ministerio del Agro y la Comisi&oacute;n Provincial del T&eacute; establecieron el nuevo esquema de precios para la actividad tealera: $650 por kilo de t&eacute; elaborado, concertado en el &aacute;mbito&hellip; <\/p>\n","protected":false},"author":3,"featured_media":37995,"comment_status":"closed","ping_status":"closed","sticky":false,"template":"","format":"standard","meta":{"_monsterinsights_skip_tracking":false,"_monsterinsights_sitenote_active":false,"_monsterinsights_sitenote_note":"","_monsterinsights_sitenote_category":0},"categories":[3],"tags":[237],"aioseo_notices":[],"_links":{"self":[{"href":"https:\/\/radionewsmisiones.ar\/site\/wp-json\/wp\/v2\/posts\/37994"}],"collection":[{"href":"https:\/\/radionewsmisiones.ar\/site\/wp-json\/wp\/v2\/posts"}],"about":[{"href":"https:\/\/radionewsmisiones.ar\/site\/wp-json\/wp\/v2\/types\/post"}],"author":[{"embeddable":true,"href":"https:\/\/radionewsmisiones.ar\/site\/wp-json\/wp\/v2\/users\/3"}],"replies":[{"embeddable":true,"href":"https:\/\/radionewsmisiones.ar\/site\/wp-json\/wp\/v2\/comments?post=37994"}],"version-history":[{"count":1,"href":"https:\/\/radionewsmisiones.ar\/site\/wp-json\/wp\/v2\/posts\/37994\/revisions"}],"predecessor-version":[{"id":37996,"href":"https:\/\/radionewsmisiones.ar\/site\/wp-json\/wp\/v2\/posts\/37994\/revisions\/37996"}],"wp:featuredmedia":[{"embeddable":true,"href":"https:\/\/radionewsmisiones.ar\/site\/wp-json\/wp\/v2\/media\/37995"}],"wp:attachment":[{"href":"https:\/\/radionewsmisiones.ar\/site\/wp-json\/wp\/v2\/media?parent=37994"}],"wp:term":[{"taxonomy":"category","embeddable":true,"href":"https:\/\/radionewsmisiones.ar\/site\/wp-json\/wp\/v2\/categories?post=37994"},{"taxonomy":"post_tag","embeddable":true,"href":"https:\/\/radionewsmisiones.ar\/site\/wp-json\/wp\/v2\/tags?post=37994"}],"curies":[{"name":"wp","href":"https:\/\/api.w.org\/{rel}","templated":true}]}}