{"id":37997,"date":"2025-12-03T07:45:23","date_gmt":"2025-12-03T10:45:23","guid":{"rendered":"https:\/\/radionewsmisiones.ar\/site\/?p=37997"},"modified":"2025-12-03T07:45:28","modified_gmt":"2025-12-03T10:45:28","slug":"intervencion-inedita-en-misiones-cirugia-de-descompresion-traqueo-esofagica-en-paciente-pediatrico","status":"publish","type":"post","link":"https:\/\/radionewsmisiones.ar\/site\/provinciales\/intervencion-inedita-en-misiones-cirugia-de-descompresion-traqueo-esofagica-en-paciente-pediatrico\/","title":{"rendered":"Intervenci\u00f3n in\u00e9dita en Misiones: cirug\u00eda de descompresi\u00f3n traqueo-esof\u00e1gica en paciente pedi\u00e1trico"},"content":{"rendered":"\n<p>Ayer, en el Hospital de Pediatr\u00eda \u201cDr. Fernando Barreyro\u201d, el equipo de Cirug\u00eda Cardiovascular Pedi\u00e1trica realiz\u00f3 con \u00e9xito una intervenci\u00f3n in\u00e9dita en la provincia: una descompresi\u00f3n traqueo-esof\u00e1gica en un paciente de dos a\u00f1os con una compleja asociaci\u00f3n de malformaciones cardiovasculares poco frecuentes \u2014anillo vascular, doble arco a\u00f3rtico, divert\u00edculo de K\u00f6mmerell y conducto arterioso\u2014, cuya incidencia representa apenas entre el 0,04 y el 0,1% de las cardiopat\u00edas cong\u00e9nitas.<\/p>\n\n\n\n<figure class=\"wp-block-image size-full\"><img loading=\"lazy\" width=\"800\" height=\"600\" src=\"https:\/\/radionewsmisiones.ar\/site\/wp-content\/uploads\/2025\/12\/image-13.jpeg\" alt=\"\" class=\"wp-image-37998\" srcset=\"https:\/\/radionewsmisiones.ar\/site\/wp-content\/uploads\/2025\/12\/image-13.jpeg 800w, https:\/\/radionewsmisiones.ar\/site\/wp-content\/uploads\/2025\/12\/image-13-300x225.jpeg 300w, https:\/\/radionewsmisiones.ar\/site\/wp-content\/uploads\/2025\/12\/image-13-768x576.jpeg 768w\" sizes=\"(max-width: 800px) 100vw, 800px\" \/><\/figure>\n\n\n\n<p>La cirug\u00eda, de aproximadamente tres horas de duraci\u00f3n, estuvo a cargo del Dr. Rafael Niveyro, responsable del \u00e1rea de Cirug\u00eda Cardiovascular Pedi\u00e1trica del Hospital, y del Dr. Carlos Antelo, ex jefe de Servicio del Hospital de Ni\u00f1os de La Plata. Tambi\u00e9n integraron el equipo el Dr. Dar\u00edo Cristaldo y el Dr. Franco Giaccardi (Servicio de Anestesiolog\u00eda), los m\u00e9dicos intensivistas Dr. Mart\u00edn Lafuente y Dra. Norali Gruber, adem\u00e1s de los instrumentistas quir\u00fargicos Lic. Daiana Vaz y Lic. Adri\u00e1n Ben\u00edtez, junto al equipo especializado en recuperaci\u00f3n cardiovascular del Servicio de Enfermer\u00eda de Terapia Intensiva.<\/p>\n\n\n\n<p>El paciente presentaba una patolog\u00eda que comprim\u00eda la tr\u00e1quea y el es\u00f3fago, provocando dificultades respiratorias y deglutorias. La alta complejidad del caso, que implic\u00f3 intervenir sobre grandes vasos con anatom\u00eda an\u00f3mala, requiri\u00f3 la exclusi\u00f3n de vasos an\u00f3malos para lograr la descompresi\u00f3n.&nbsp;<\/p>\n\n\n\n<p>Esta correcci\u00f3n permitir\u00e1 mejorar la respiraci\u00f3n y la degluci\u00f3n, favorecer su crecimiento y prevenir complicaciones respiratorias graves.&nbsp;<\/p>\n\n\n\n<p>Actualmente, el ni\u00f1o se encuentra en recuperaci\u00f3n en la Terapia Intensiva Pedi\u00e1trica, con un pron\u00f3stico favorable.&nbsp;<\/p>\n\n\n\n<p>Esta intervenci\u00f3n marca un hito para la provincia y destaca la capacidad resolutiva en cardiopat\u00edas complejas y el enorme valor del recurso humano del Hospital de Pediatr\u00eda \u201cDr. Fernando Barreyro\u201d.<\/p>\n","protected":false},"excerpt":{"rendered":"<p>Ayer, en el Hospital de Pediatr&iacute;a &ldquo;Dr. Fernando Barreyro&rdquo;, el equipo de Cirug&iacute;a Cardiovascular Pedi&aacute;trica realiz&oacute; con &eacute;xito una intervenci&oacute;n in&eacute;dita en la provincia: una descompresi&oacute;n traqueo-esof&aacute;gica en un paciente&hellip; <\/p>\n","protected":false},"author":3,"featured_media":37998,"comment_status":"closed","ping_status":"closed","sticky":false,"template":"","format":"standard","meta":{"_monsterinsights_skip_tracking":false,"_monsterinsights_sitenote_active":false,"_monsterinsights_sitenote_note":"","_monsterinsights_sitenote_category":0},"categories":[3],"tags":[24],"aioseo_notices":[],"_links":{"self":[{"href":"https:\/\/radionewsmisiones.ar\/site\/wp-json\/wp\/v2\/posts\/37997"}],"collection":[{"href":"https:\/\/radionewsmisiones.ar\/site\/wp-json\/wp\/v2\/posts"}],"about":[{"href":"https:\/\/radionewsmisiones.ar\/site\/wp-json\/wp\/v2\/types\/post"}],"author":[{"embeddable":true,"href":"https:\/\/radionewsmisiones.ar\/site\/wp-json\/wp\/v2\/users\/3"}],"replies":[{"embeddable":true,"href":"https:\/\/radionewsmisiones.ar\/site\/wp-json\/wp\/v2\/comments?post=37997"}],"version-history":[{"count":1,"href":"https:\/\/radionewsmisiones.ar\/site\/wp-json\/wp\/v2\/posts\/37997\/revisions"}],"predecessor-version":[{"id":37999,"href":"https:\/\/radionewsmisiones.ar\/site\/wp-json\/wp\/v2\/posts\/37997\/revisions\/37999"}],"wp:featuredmedia":[{"embeddable":true,"href":"https:\/\/radionewsmisiones.ar\/site\/wp-json\/wp\/v2\/media\/37998"}],"wp:attachment":[{"href":"https:\/\/radionewsmisiones.ar\/site\/wp-json\/wp\/v2\/media?parent=37997"}],"wp:term":[{"taxonomy":"category","embeddable":true,"href":"https:\/\/radionewsmisiones.ar\/site\/wp-json\/wp\/v2\/categories?post=37997"},{"taxonomy":"post_tag","embeddable":true,"href":"https:\/\/radionewsmisiones.ar\/site\/wp-json\/wp\/v2\/tags?post=37997"}],"curies":[{"name":"wp","href":"https:\/\/api.w.org\/{rel}","templated":true}]}}