{"id":38000,"date":"2025-12-03T07:46:57","date_gmt":"2025-12-03T10:46:57","guid":{"rendered":"https:\/\/radionewsmisiones.ar\/site\/?p=38000"},"modified":"2025-12-03T07:47:02","modified_gmt":"2025-12-03T10:47:02","slug":"el-municipio-de-alem-continua-invirtiendo-en-infraestructura","status":"publish","type":"post","link":"https:\/\/radionewsmisiones.ar\/site\/provinciales\/el-municipio-de-alem-continua-invirtiendo-en-infraestructura\/","title":{"rendered":"El Municipio de Alem contin\u00faa invirtiendo en infraestructura"},"content":{"rendered":"\n<p>La Municipalidad de Alem informa la habilitaci\u00f3n de la calle <strong>El Hornero<\/strong>, una obra que hab\u00eda sido iniciada en 2019 y que permaneci\u00f3 inconclusa durante varios a\u00f1os. La actual gesti\u00f3n retom\u00f3 los trabajos el a\u00f1o pasado con el objetivo de completarla y ponerla en funcionamiento de manera adecuada.<\/p>\n\n\n\n<figure class=\"wp-block-image size-large\"><img loading=\"lazy\" width=\"576\" height=\"1024\" src=\"https:\/\/radionewsmisiones.ar\/site\/wp-content\/uploads\/2025\/12\/WhatsApp-Image-2025-12-02-at-12.42.591-576x1024.jpeg\" alt=\"\" class=\"wp-image-38001\" srcset=\"https:\/\/radionewsmisiones.ar\/site\/wp-content\/uploads\/2025\/12\/WhatsApp-Image-2025-12-02-at-12.42.591-576x1024.jpeg 576w, https:\/\/radionewsmisiones.ar\/site\/wp-content\/uploads\/2025\/12\/WhatsApp-Image-2025-12-02-at-12.42.591-169x300.jpeg 169w, https:\/\/radionewsmisiones.ar\/site\/wp-content\/uploads\/2025\/12\/WhatsApp-Image-2025-12-02-at-12.42.591.jpeg 633w\" sizes=\"(max-width: 576px) 100vw, 576px\" \/><\/figure>\n\n\n\n<p>En esta etapa se ejecutaron <strong>dos cuadras de empedrado<\/strong>, <strong>dos cuadras de cord\u00f3n cuneta<\/strong>, la construcci\u00f3n de <strong>un bad\u00e9n<\/strong>, <strong>desag\u00fce pluvial<\/strong>, <strong>boca de tormenta<\/strong>, <strong>alcantarilla<\/strong> y la <strong>salida de conexi\u00f3n hacia otra arteria<\/strong>, prevista para acompa\u00f1ar el desarrollo de los terrenos de la zona. La intervenci\u00f3n conforma un paquete integral de infraestructura vial e hidr\u00e1ulica que mejora la transitabilidad y prepara el sector para futuras ampliaciones.<\/p>\n\n\n\n<p>El <strong>Intendente Dr. Mat\u00edas Sebely<\/strong> se\u00f1al\u00f3 la importancia de completar obras que hab\u00edan quedado pendientes:<br><strong>\u201cEsta calle comenz\u00f3 a ejecutarse en 2019 y qued\u00f3 trunca. Desde nuestra gesti\u00f3n nos comprometimos a terminar cada obra inconclusa, porque eso impacta directamente en la calidad de vida de los vecinos. Hoy la calle El Hornero est\u00e1 habilitada y en condiciones, y es un avance concreto para este sector de la ciudad.\u201d<\/strong><\/p>\n\n\n\n<p>El <strong>secretario de Desarrollo Urbano y Servicios, Tec. Claudio Balaiches<\/strong>, destac\u00f3 el trabajo t\u00e9cnico que permiti\u00f3 garantizar el funcionamiento integral de la zona:<br><strong>\u201cAdem\u00e1s del empedrado y el cord\u00f3n, ejecutamos toda la infraestructura hidr\u00e1ulica necesaria: bad\u00e9n, boca de tormenta, desag\u00fce y alcantarilla. Esto asegura un correcto escurrimiento del agua y deja preparada la conexi\u00f3n con futuras arterias. Es una obra pensada para solucionar problemas y acompa\u00f1ar el crecimiento del barrio.\u201d<\/strong><\/p>\n\n\n\n<p>La habilitaci\u00f3n de la calle El Hornero reafirma el compromiso de la Municipalidad de Alem con el desarrollo urbano, la mejora de la infraestructura y la continuidad de obras que transforman la ciudad.<\/p>\n","protected":false},"excerpt":{"rendered":"<p>La Municipalidad de Alem informa la habilitaci&oacute;n de la calle El Hornero, una obra que hab&iacute;a sido iniciada en 2019 y que permaneci&oacute; inconclusa durante varios a&ntilde;os. La actual gesti&oacute;n&hellip; <\/p>\n","protected":false},"author":3,"featured_media":38002,"comment_status":"closed","ping_status":"closed","sticky":false,"template":"","format":"standard","meta":{"_monsterinsights_skip_tracking":false,"_monsterinsights_sitenote_active":false,"_monsterinsights_sitenote_note":"","_monsterinsights_sitenote_category":0},"categories":[3],"tags":[154],"aioseo_notices":[],"_links":{"self":[{"href":"https:\/\/radionewsmisiones.ar\/site\/wp-json\/wp\/v2\/posts\/38000"}],"collection":[{"href":"https:\/\/radionewsmisiones.ar\/site\/wp-json\/wp\/v2\/posts"}],"about":[{"href":"https:\/\/radionewsmisiones.ar\/site\/wp-json\/wp\/v2\/types\/post"}],"author":[{"embeddable":true,"href":"https:\/\/radionewsmisiones.ar\/site\/wp-json\/wp\/v2\/users\/3"}],"replies":[{"embeddable":true,"href":"https:\/\/radionewsmisiones.ar\/site\/wp-json\/wp\/v2\/comments?post=38000"}],"version-history":[{"count":1,"href":"https:\/\/radionewsmisiones.ar\/site\/wp-json\/wp\/v2\/posts\/38000\/revisions"}],"predecessor-version":[{"id":38003,"href":"https:\/\/radionewsmisiones.ar\/site\/wp-json\/wp\/v2\/posts\/38000\/revisions\/38003"}],"wp:featuredmedia":[{"embeddable":true,"href":"https:\/\/radionewsmisiones.ar\/site\/wp-json\/wp\/v2\/media\/38002"}],"wp:attachment":[{"href":"https:\/\/radionewsmisiones.ar\/site\/wp-json\/wp\/v2\/media?parent=38000"}],"wp:term":[{"taxonomy":"category","embeddable":true,"href":"https:\/\/radionewsmisiones.ar\/site\/wp-json\/wp\/v2\/categories?post=38000"},{"taxonomy":"post_tag","embeddable":true,"href":"https:\/\/radionewsmisiones.ar\/site\/wp-json\/wp\/v2\/tags?post=38000"}],"curies":[{"name":"wp","href":"https:\/\/api.w.org\/{rel}","templated":true}]}}