{"id":38008,"date":"2025-12-03T07:49:22","date_gmt":"2025-12-03T10:49:22","guid":{"rendered":"https:\/\/radionewsmisiones.ar\/site\/?p=38008"},"modified":"2025-12-03T07:49:53","modified_gmt":"2025-12-03T10:49:53","slug":"difundieron-la-grilla-definitiva-del-56-festival-nacional-de-la-musica-del-litoral-y-18-del-mercosur","status":"publish","type":"post","link":"https:\/\/radionewsmisiones.ar\/site\/provinciales\/difundieron-la-grilla-definitiva-del-56-festival-nacional-de-la-musica-del-litoral-y-18-del-mercosur\/","title":{"rendered":"Difundieron la grilla definitiva del 56\u00b0 Festival Nacional de la M\u00fasica del Litoral y 18\u00b0 del Mercosur"},"content":{"rendered":"\n<p>La Municipalidad de Posadas dio a conocer la grilla completa de artistas que protagonizar\u00e1n el 56\u00b0 Festival Nacional de la M\u00fasica del Litoral y 18\u00b0 del Mercosur, previsto para los d\u00edas 5, 6 y 7 de diciembre en La Cascada de la costanera.<\/p>\n\n\n\n<figure class=\"wp-block-image size-large\"><img loading=\"lazy\" width=\"807\" height=\"1024\" src=\"https:\/\/radionewsmisiones.ar\/site\/wp-content\/uploads\/2025\/12\/WhatsApp-Image-2025-12-02-at-12.16.50-807x1024.jpeg\" alt=\"\" class=\"wp-image-38009\" srcset=\"https:\/\/radionewsmisiones.ar\/site\/wp-content\/uploads\/2025\/12\/WhatsApp-Image-2025-12-02-at-12.16.50-807x1024.jpeg 807w, https:\/\/radionewsmisiones.ar\/site\/wp-content\/uploads\/2025\/12\/WhatsApp-Image-2025-12-02-at-12.16.50-236x300.jpeg 236w, https:\/\/radionewsmisiones.ar\/site\/wp-content\/uploads\/2025\/12\/WhatsApp-Image-2025-12-02-at-12.16.50-768x975.jpeg 768w, https:\/\/radionewsmisiones.ar\/site\/wp-content\/uploads\/2025\/12\/WhatsApp-Image-2025-12-02-at-12.16.50.jpeg 1080w\" sizes=\"(max-width: 807px) 100vw, 807px\" \/><\/figure>\n\n\n\n<p>Arranca la cuenta regresiva para el esperado evento que, como cada a\u00f1o, engalana a la ciudad de Posadas con m\u00fasica, danza y la tradici\u00f3n propia de nuestra tierra y la regi\u00f3n. En este marco, rumbo a las noches del pr\u00f3ximo viernes, s\u00e1bado y domingo, desde la organizaci\u00f3n aclararon que, si bien todos los artistas ya est\u00e1n confirmados, a\u00fan no est\u00e1 definido el orden de actuaci\u00f3n, por lo que la grilla detallada a continuaci\u00f3n se presenta sin horarios espec\u00edficos.<\/p>\n\n\n\n<p>Grilla por noches<\/p>\n\n\n\n<p>Viernes 5 de diciembre<\/p>\n\n\n\n<p>Facundo Fari\u00f1a (Ganador Prefestival \u2013 Artista Vocal), Los Encina en Familia, Ballet Folkl\u00f3rico Municipal, Sapukay, Catherine Vergnes, La Guitarreada, Patricia Gaona, Ballet Folklore Vivo (Ganadores Prefestival), Paola Leguizam\u00f3n, Destino San Javier y Los Nu\u00f1ez.<\/p>\n\n\n\n<p>S\u00e1bado 6 de diciembre<\/p>\n\n\n\n<p>Los Alonsitos, Lira Ver\u00e1, Naomi Pe\u00f1a, El Indio Lucio Rojas, Fabi\u00e1n Meza, Ballet de la Escuela Superior de Danzas, Cecilia Simonetti, Los Caballeros del Tarag\u00fc\u00ed, Susana Moreno, Ballet Folkl\u00f3rico Municipal y Los Menchos del Chamam\u00e9.<\/p>\n\n\n\n<p>Domingo 7 de diciembre<\/p>\n\n\n\n<p>Christian Herrera, Escuela Superior de M\u00fasica de Misiones, Tr\u00edo Roy\u2013Bernal\u2013Peralta, Ballet de Adultos Mayores, Nazareno Br\u00edtez\u2013Joni Bombage, El Pato Garc\u00eda y Familia, Grupo Mixtura (Ganador Prefestival), Alejandra Melgarejo\u2013Aurazul, Juan Fuentes, Olsson Gross (Ganador Prefestival \u2013 Pareja de Baile) y Ballet Folkl\u00f3rico del Parque del Conocimiento.<\/p>\n\n\n\n<p>Rumbo al Festival: un simposio para pensar la identidad, y la historia del Litoral<\/p>\n\n\n\n<p>El Festival Nacional de la M\u00fasica del Litoral se transform\u00f3 con los a\u00f1os en un puente que conecta ideas, personas y experiencias. A partir de esta consigna, el Simposio tambi\u00e9n se reconfigura a trav\u00e9s de nuevas din\u00e1micas, que no exploran solamente la danza y m\u00fasica litorale\u00f1a, sino que ampl\u00eda el debate hacia otras perspectivas, maneras de crear y cultivar la cultura como herramienta de transformaci\u00f3n social y patrimonio inmaterial.<br>En esta oportunidad la charla rondar\u00e1 en torno a tres puntos de partida: la investigaci\u00f3n, la t\u00e9cnica y el cruce interdisciplinario de expresiones art\u00edsticas y culturales.<br>En la antesala del 56\u00b0 Festival Nacional de la M\u00fasica del Litoral y 18\u00b0 del Mercosur, se realizar\u00e1 el mi\u00e9rcoles el tradicional simposio como espacio de reflexi\u00f3n y encuentro entre artistas, gestores culturales, investigadores y la comunidad.<br>Ser\u00e1n expositores:<br>-Lic. Gabriela Larramendi: \u201cEntre el c\u00f3mo y el ser misionero: una mirada hist\u00f3rica desde los a\u00f1os \u201960 hacia el Festival y el Simposio de hoy\u201d<br>-Mat\u00edas Voynes: \u201c49 escalones y los testigos. La t\u00e9cnica del Festival en los \u00faltimos 20 a\u00f1os\u201d.<\/p>\n\n\n\n<ul><li>Veroka Fedeli: Teatro y Festival. Homenaje a Mar\u00eda Helena a 60 a\u00f1os de su consagraci\u00f3n\u201d.<br>La jornada tendr\u00e1 lugar el mi\u00e9rcoles 3 de diciembre, a las 18 horas, en el Sal\u00f3n Mayor del Palacio del Mate (Rivadavia 1846), con entrada libre y gratuita.<\/li><\/ul>\n","protected":false},"excerpt":{"rendered":"<p>La Municipalidad de Posadas dio a conocer la grilla completa de artistas que protagonizar&aacute;n el 56&deg; Festival Nacional de la M&uacute;sica del Litoral y 18&deg; del Mercosur, previsto para los&hellip; <\/p>\n","protected":false},"author":3,"featured_media":38009,"comment_status":"closed","ping_status":"closed","sticky":false,"template":"","format":"standard","meta":{"_monsterinsights_skip_tracking":false,"_monsterinsights_sitenote_active":false,"_monsterinsights_sitenote_note":"","_monsterinsights_sitenote_category":0},"categories":[3],"tags":[22],"aioseo_notices":[],"_links":{"self":[{"href":"https:\/\/radionewsmisiones.ar\/site\/wp-json\/wp\/v2\/posts\/38008"}],"collection":[{"href":"https:\/\/radionewsmisiones.ar\/site\/wp-json\/wp\/v2\/posts"}],"about":[{"href":"https:\/\/radionewsmisiones.ar\/site\/wp-json\/wp\/v2\/types\/post"}],"author":[{"embeddable":true,"href":"https:\/\/radionewsmisiones.ar\/site\/wp-json\/wp\/v2\/users\/3"}],"replies":[{"embeddable":true,"href":"https:\/\/radionewsmisiones.ar\/site\/wp-json\/wp\/v2\/comments?post=38008"}],"version-history":[{"count":1,"href":"https:\/\/radionewsmisiones.ar\/site\/wp-json\/wp\/v2\/posts\/38008\/revisions"}],"predecessor-version":[{"id":38010,"href":"https:\/\/radionewsmisiones.ar\/site\/wp-json\/wp\/v2\/posts\/38008\/revisions\/38010"}],"wp:featuredmedia":[{"embeddable":true,"href":"https:\/\/radionewsmisiones.ar\/site\/wp-json\/wp\/v2\/media\/38009"}],"wp:attachment":[{"href":"https:\/\/radionewsmisiones.ar\/site\/wp-json\/wp\/v2\/media?parent=38008"}],"wp:term":[{"taxonomy":"category","embeddable":true,"href":"https:\/\/radionewsmisiones.ar\/site\/wp-json\/wp\/v2\/categories?post=38008"},{"taxonomy":"post_tag","embeddable":true,"href":"https:\/\/radionewsmisiones.ar\/site\/wp-json\/wp\/v2\/tags?post=38008"}],"curies":[{"name":"wp","href":"https:\/\/api.w.org\/{rel}","templated":true}]}}