{"id":38011,"date":"2025-12-03T07:58:47","date_gmt":"2025-12-03T10:58:47","guid":{"rendered":"https:\/\/radionewsmisiones.ar\/site\/?p=38011"},"modified":"2025-12-03T08:27:06","modified_gmt":"2025-12-03T11:27:06","slug":"posadas-lanza-la-temporada-de-verano-con-nuevas-actividades-adaptadas","status":"publish","type":"post","link":"https:\/\/radionewsmisiones.ar\/site\/provinciales\/posadas-lanza-la-temporada-de-verano-con-nuevas-actividades-adaptadas\/","title":{"rendered":"Posadas lanza la temporada de verano con nuevas actividades adaptadas"},"content":{"rendered":"\n<p>Se viene el receso de verano y el municipio prepara actividades recreativas y deportivas de acceso libre para la comunidad.<\/p>\n\n\n\n<figure class=\"wp-block-image\"><a href=\"https:\/\/posadas.gov.ar\/images\/noticia\/nuevo dep adap.jpg\"><img src=\"https:\/\/posadas.gov.ar\/images\/noticia\/nuevo dep adap.jpg\" alt=\"<p&gt;Posadas lanza la temporada de verano con nuevas actividades adaptadas<\/p&gt;\"\/><\/a><\/figure>\n\n\n\n<p>En este sentido, la Escuela Municipal de Deportes Adaptados presenta su cronograma de actividades para la temporada, con propuestas inclusivas que se desarrollar\u00e1n en distintos puntos de la ciudad a partir de diciembre.<\/p>\n\n\n\n<p><br>Una de las principales opciones ser\u00e1 el Canotaje Adaptado, que iniciar\u00e1 el 3 de diciembre en el balneario El Brete, con clases los mi\u00e9rcoles y viernes de 8 a 11 horas. Tambi\u00e9n comenzar\u00e1 una nueva edici\u00f3n de F\u00fatbol 5 para Personas con Discapacidad Visual, que se dictar\u00e1 en el Finito Gehrmann desde el 9 de diciembre, los martes y jueves de 17:30 a 19:30 horas.<\/p>\n\n\n\n<p><br>Por su parte, la Escuela de Nataci\u00f3n Adaptada inicia el 1 de diciembre y tendr\u00e1 dos sedes seg\u00fan el mes: durante diciembre, las clases ser\u00e1n en el Complejo Costa Sur los lunes y mi\u00e9rcoles de 8:30 a 10 horas; mientras que en enero se trasladar\u00e1 al Club Vial, con encuentros los martes y jueves de 8 a 11 horas.<br>Para m\u00e1s informaci\u00f3n comunicarse al&nbsp; 3764 10-2043 ( Maia Guastavino)&nbsp;<\/p>\n","protected":false},"excerpt":{"rendered":"<p>Se viene el receso de verano y el municipio prepara actividades recreativas y deportivas de acceso libre para la comunidad. En este sentido, la Escuela Municipal de Deportes Adaptados presenta&hellip; <\/p>\n","protected":false},"author":3,"featured_media":38012,"comment_status":"closed","ping_status":"closed","sticky":false,"template":"","format":"standard","meta":{"_monsterinsights_skip_tracking":false,"_monsterinsights_sitenote_active":false,"_monsterinsights_sitenote_note":"","_monsterinsights_sitenote_category":0},"categories":[3],"tags":[22],"aioseo_notices":[],"_links":{"self":[{"href":"https:\/\/radionewsmisiones.ar\/site\/wp-json\/wp\/v2\/posts\/38011"}],"collection":[{"href":"https:\/\/radionewsmisiones.ar\/site\/wp-json\/wp\/v2\/posts"}],"about":[{"href":"https:\/\/radionewsmisiones.ar\/site\/wp-json\/wp\/v2\/types\/post"}],"author":[{"embeddable":true,"href":"https:\/\/radionewsmisiones.ar\/site\/wp-json\/wp\/v2\/users\/3"}],"replies":[{"embeddable":true,"href":"https:\/\/radionewsmisiones.ar\/site\/wp-json\/wp\/v2\/comments?post=38011"}],"version-history":[{"count":2,"href":"https:\/\/radionewsmisiones.ar\/site\/wp-json\/wp\/v2\/posts\/38011\/revisions"}],"predecessor-version":[{"id":38015,"href":"https:\/\/radionewsmisiones.ar\/site\/wp-json\/wp\/v2\/posts\/38011\/revisions\/38015"}],"wp:featuredmedia":[{"embeddable":true,"href":"https:\/\/radionewsmisiones.ar\/site\/wp-json\/wp\/v2\/media\/38012"}],"wp:attachment":[{"href":"https:\/\/radionewsmisiones.ar\/site\/wp-json\/wp\/v2\/media?parent=38011"}],"wp:term":[{"taxonomy":"category","embeddable":true,"href":"https:\/\/radionewsmisiones.ar\/site\/wp-json\/wp\/v2\/categories?post=38011"},{"taxonomy":"post_tag","embeddable":true,"href":"https:\/\/radionewsmisiones.ar\/site\/wp-json\/wp\/v2\/tags?post=38011"}],"curies":[{"name":"wp","href":"https:\/\/api.w.org\/{rel}","templated":true}]}}