{"id":38025,"date":"2025-12-03T21:40:33","date_gmt":"2025-12-04T00:40:33","guid":{"rendered":"https:\/\/radionewsmisiones.ar\/site\/?p=38025"},"modified":"2025-12-03T21:53:03","modified_gmt":"2025-12-04T00:53:03","slug":"discapacidad-alerta-por-un-norme-retroceso-y-discursos-de-odio","status":"publish","type":"post","link":"https:\/\/radionewsmisiones.ar\/site\/provinciales\/discapacidad-alerta-por-un-norme-retroceso-y-discursos-de-odio\/","title":{"rendered":"Discapacidad: alerta por un \u00abenorme retroceso\u00bb y discursos de odio"},"content":{"rendered":"\n<p>Soledad Varela, una de las principales referentes del colectivo de personas con discapacidad asegura que la situaci\u00f3n empeor\u00f3 dr\u00e1sticamente en los \u00faltimos dos a\u00f1os. Denuncia la utilizaci\u00f3n de la discapacidad para ataques verbales desde la m\u00e1xima autoridad del pa\u00eds y el impacto devastador en los tratamientos vitales para ni\u00f1os y j\u00f3venes.<\/p>\n\n\n\n<p>El colectivo de personas con discapacidad (PCD) ha experimentado un lamentable retroceso en materia de inclusi\u00f3n durante los \u00faltimos dos a\u00f1os, seg\u00fan advierte Soledad Varela, especialista en discapcidad e inclusi\u00f3n. Aunque los avances significativos en inclusi\u00f3n siempre fueron complejos, la situaci\u00f3n actual se percibe como \u00abmucho peor que antes\u00bb. La activista hace un llamado urgente a que, al hablar y trabajar en materia de discapacidad, se involucren las voces, opiniones y la vida de las PCD en la toma de decisiones que afectan su presente y futuro cotidiano.<\/p>\n\n\n\n<p><strong>Discursos de odio desde el Estado y falta de respeto<\/strong><\/p>\n\n\n\n<p>Uno de los principales factores que ha marcado este retroceso es la reinstalaci\u00f3n de <strong>discursos de odio hacia el sector<\/strong>. Soledad lament\u00f3 que desde el presidente de la naci\u00f3n, Javier Milei, se han instalado burlas hacia personas con diferentes tipos de discapacidad y se ha utilizado la discapacidad para la violencia verbal y para atacar.<\/p>\n\n\n\n<p>La referente se\u00f1al\u00f3 en Radio News que, debido a la alta visibilidad y seguimiento del presidente, sobre todo entre la gente joven, estos discursos se han replicado, causando un enorme atraso en la lucha por la garant\u00eda de derechos.<\/p>\n\n\n\n<p>Entre las declaraciones m\u00e1s impactantes que Soledad recuerda haber escuchado del presidente est\u00e1 la afirmaci\u00f3n de que \u00ab\u00e9l (Javier Milei) ni nadie es responsable de que existan personas con discapacidad\u00bb y que no tiene por qu\u00e9 hacerse cargo de esto. Para la activista, esta postura <strong>denota una falta de conocimiento del lugar que ocupa<\/strong> como m\u00e1xima autoridad del pa\u00eds, de quien tambi\u00e9n depende la garant\u00eda de los derechos del sector.<\/p>\n\n\n\n<p>El punto clave, seg\u00fan Soledad, no es encontrar un culpable de la discapacidad, sino que la inclusi\u00f3n y convivencia de las PCD en la sociedad es responsabilidad de todos, desde las acciones m\u00e1s peque\u00f1as de la cotidianidad hasta las pol\u00edticas p\u00fablicas m\u00e1s amplias. La falta de respeto hacia las PCD es uno de los sucesos m\u00e1s dolorosos de este periodo.<\/p>\n\n\n\n<p><strong>El momento cr\u00edtico de las pensiones y la ley sin voluntad<\/strong><\/p>\n\n\n\n<p>La discusi\u00f3n en torno a las pensiones por discapacidad ha marcado un momento cr\u00edtico para el sector. Aunque la referente asegura que nunca estuvo en contra de que las pensiones fueran auditadas, este proceso debe ser leg\u00edtimo, transparente y garantizar la accesibilidad y las condiciones necesarias.<\/p>\n\n\n\n<p>Lamentablemente, durante el control de las pensiones, se quitaron beneficios a personas con una discapacidad notoria y con toda la documentaci\u00f3n presentada. Esta situaci\u00f3n fue trasladada a redes sociales y utilizada para <strong>atacar al sector<\/strong> y para generar la opini\u00f3n de que hab\u00eda muchas pensiones mal otorgadas. Este ataque reflej\u00f3 el \u00abdesconocimiento absoluto\u00bb de la realidad de las PCD y de lo que cuesta acceder a espacios, obtener oportunidades reales y vivir de manera aut\u00f3noma e independiente.<\/p>\n\n\n\n<p>Respecto al marco legal, si bien existen much\u00edsimas leyes aprobadas y en vigencia, las normas por s\u00ed solas no garantizan nada si no hay <strong>\u00abvoluntad de parte de cada persona que forma parte de la sociedad\u00bb<\/strong>. La inclusi\u00f3n no es una cuesti\u00f3n de \u00abotros\u00bb, sino un compromiso social que abarca a todos los sectores. Por esta raz\u00f3n, pese a que la tem\u00e1tica se ha instalado en los medios y se han escuchado las voces de las PCD (algo impensado a\u00f1os atr\u00e1s), a\u00fan faltan logros significativos en \u00e1mbitos como el educativo, el laboral y cualquier otro sector.<\/p>\n\n\n\n<p><strong>El costo humano: ni\u00f1os que abandonan terapias<\/strong><\/p>\n\n\n\n<p>Una de las secuelas m\u00e1s lamentables del contexto nacional reciente es el impacto directo en la salud y el desarrollo de ni\u00f1os y j\u00f3venes con discapacidad.<\/p>\n\n\n\n<p>Soledad confirm\u00f3 que lamentablemente muchos ni\u00f1os y j\u00f3venes han tenido que <strong>abandonar sus terapias<\/strong> o han tenido que optar por las m\u00e1s importantes y dejar otras. Las familias se han visto obligadas a endeudarse para pagar tratamientos que no estaban cubiertos, o ya no pudieron afrontar los costos.<\/p>\n\n\n\n<p>A esto se suma la dificultad en la atenci\u00f3n, ya que muchos terapeutas han abandonado su trabajo en b\u00fasqueda de otras salidas laborales debido a la falta de pagos, con atrasos que han llegado de tres, seis, nueve meses, hasta un a\u00f1o. Este abandono terap\u00e9utico significa un atraso enorme para el desarrollo de la persona en el nivel educativo y en su vida cotidiana.<\/p>\n\n\n\n<p><strong>La meta: De la inclusi\u00f3n a la convivencia en la pr\u00e1ctica<\/strong><\/p>\n\n\n\n<p>Para superar este retroceso, la clave es replantear el enfoque y pasar de solo hablar de inclusi\u00f3n a <strong>poner en pr\u00e1ctica la convivencia<\/strong>.<\/p>\n\n\n\n<p>Es fundamental que haya una mayor representatividad del sector. Cuando las PCD ocupen diferentes lugares y el com\u00fan de la gente vea a una persona con discapacidad trabajar, estudiar y desarrollarse en plenitud en cualquier \u00e1mbito, se podr\u00e1 entender que la convivencia es posible.<\/p>\n\n\n\n<p>Finalmente, Soledad enfatiza que la lucha por los derechos de las PCD no debe limitarse a fechas especiales o conmemorativas, sino que debe ser un esfuerzo constante los <strong>365 d\u00edas del a\u00f1o<\/strong>, que se traslade desde las familias hasta las instituciones educativas, los clubes de barrio y todo \u00e1mbito de desarrollo.<\/p>\n\n\n\n<figure class=\"wp-block-embed is-type-video is-provider-youtube wp-block-embed-youtube wp-embed-aspect-16-9 wp-has-aspect-ratio\"><div class=\"wp-block-embed__wrapper\">\n<iframe loading=\"lazy\" title=\"La cr\u00edtica situaci\u00f3n de la Discapacidad en Argentina\" width=\"1110\" height=\"624\" src=\"https:\/\/www.youtube.com\/embed\/0yQal0ouTWM?start=30&#038;feature=oembed\" frameborder=\"0\" allow=\"accelerometer; autoplay; clipboard-write; encrypted-media; gyroscope; picture-in-picture; web-share\" referrerpolicy=\"strict-origin-when-cross-origin\" allowfullscreen><\/iframe>\n<\/div><figcaption><strong>ENTREVISTA<\/strong><\/figcaption><\/figure>\n\n\n\n<p><\/p>\n","protected":false},"excerpt":{"rendered":"<p>Soledad Varela, una de las principales referentes del colectivo de personas con discapacidad asegura que la situaci&oacute;n empeor&oacute; dr&aacute;sticamente en los &uacute;ltimos dos a&ntilde;os. Denuncia la utilizaci&oacute;n de la discapacidad&hellip; <\/p>\n","protected":false},"author":4,"featured_media":38026,"comment_status":"closed","ping_status":"closed","sticky":false,"template":"","format":"standard","meta":{"_monsterinsights_skip_tracking":false,"_monsterinsights_sitenote_active":false,"_monsterinsights_sitenote_note":"","_monsterinsights_sitenote_category":0},"categories":[3],"tags":[243,815],"aioseo_notices":[],"_links":{"self":[{"href":"https:\/\/radionewsmisiones.ar\/site\/wp-json\/wp\/v2\/posts\/38025"}],"collection":[{"href":"https:\/\/radionewsmisiones.ar\/site\/wp-json\/wp\/v2\/posts"}],"about":[{"href":"https:\/\/radionewsmisiones.ar\/site\/wp-json\/wp\/v2\/types\/post"}],"author":[{"embeddable":true,"href":"https:\/\/radionewsmisiones.ar\/site\/wp-json\/wp\/v2\/users\/4"}],"replies":[{"embeddable":true,"href":"https:\/\/radionewsmisiones.ar\/site\/wp-json\/wp\/v2\/comments?post=38025"}],"version-history":[{"count":2,"href":"https:\/\/radionewsmisiones.ar\/site\/wp-json\/wp\/v2\/posts\/38025\/revisions"}],"predecessor-version":[{"id":38028,"href":"https:\/\/radionewsmisiones.ar\/site\/wp-json\/wp\/v2\/posts\/38025\/revisions\/38028"}],"wp:featuredmedia":[{"embeddable":true,"href":"https:\/\/radionewsmisiones.ar\/site\/wp-json\/wp\/v2\/media\/38026"}],"wp:attachment":[{"href":"https:\/\/radionewsmisiones.ar\/site\/wp-json\/wp\/v2\/media?parent=38025"}],"wp:term":[{"taxonomy":"category","embeddable":true,"href":"https:\/\/radionewsmisiones.ar\/site\/wp-json\/wp\/v2\/categories?post=38025"},{"taxonomy":"post_tag","embeddable":true,"href":"https:\/\/radionewsmisiones.ar\/site\/wp-json\/wp\/v2\/tags?post=38025"}],"curies":[{"name":"wp","href":"https:\/\/api.w.org\/{rel}","templated":true}]}}