{"id":38030,"date":"2025-12-04T07:12:46","date_gmt":"2025-12-04T10:12:46","guid":{"rendered":"https:\/\/radionewsmisiones.ar\/site\/?p=38030"},"modified":"2025-12-04T07:12:49","modified_gmt":"2025-12-04T10:12:49","slug":"dia-internacional-de-las-personas-con-discapacidad-hoy-debemostransformar-los-espacios-de-dialogo-en-politicas-inclusivas","status":"publish","type":"post","link":"https:\/\/radionewsmisiones.ar\/site\/provinciales\/dia-internacional-de-las-personas-con-discapacidad-hoy-debemostransformar-los-espacios-de-dialogo-en-politicas-inclusivas\/","title":{"rendered":"D\u00eda Internacional de las Personas con Discapacidad: \u201cHoy debemos<br>transformar los espacios de di\u00e1logo en pol\u00edticas inclusivas\u201d"},"content":{"rendered":"\n<p>En el marco del D\u00eda Internacional de las Personas con Discapacidad, la directora de  Discapacidad del Ministerio de Salud P\u00fablica de Misiones, Marcela Alves, destac\u00f3 la importancia de fortalecer el trabajo que se viene desarrollando desde hace a\u00f1os en la provincia, siempre guiado por la Convenci\u00f3n Internacional sobre los Derechos de las Personas con Discapacidad y sus Protocolos Facultativos, que orientan todas las acciones del \u00e1rea.<\/p>\n\n\n\n<figure class=\"wp-block-image size-full\"><img loading=\"lazy\" width=\"600\" height=\"750\" src=\"https:\/\/radionewsmisiones.ar\/site\/wp-content\/uploads\/2025\/12\/discapacidad.jpeg\" alt=\"\" class=\"wp-image-38031\" srcset=\"https:\/\/radionewsmisiones.ar\/site\/wp-content\/uploads\/2025\/12\/discapacidad.jpeg 600w, https:\/\/radionewsmisiones.ar\/site\/wp-content\/uploads\/2025\/12\/discapacidad-240x300.jpeg 240w\" sizes=\"(max-width: 600px) 100vw, 600px\" \/><\/figure>\n\n\n\n<p><br>Buscando reflexionar sobre el valor de visibilizar las voces de las personas con discapacidad desde el liderazgo y la participaci\u00f3n activa, Alves subray\u00f3 que esta fecha es fundamental para los equipos de la Direcci\u00f3n porque permite reforzar y visibilizar las pol\u00edticas inclusivas que se sostienen de manera continua. \u201cLa importancia que tiene este d\u00eda para nosotros est\u00e1 directamente relacionada con reforzar y fortalecer lo que ya se viene trabajando desde hace muchos a\u00f1os con las personas con discapacidad y sus<br>familias. Debemos asegurar que todas las acciones est\u00e9n acompa\u00f1adas por ellas, porque<br>son quienes nos gu\u00edan con sus capacidades y necesidades\u201d, expres\u00f3.<\/p>\n\n\n\n<p><br>La directora remarc\u00f3 que la inclusi\u00f3n debe atravesar varios sectores del Estado, entre ellos se encuentra la salud, educaci\u00f3n, desarrollo social y comunidad.<br>\u201cHoy debemos completar los espacios de di\u00e1logo con espacios de transformaci\u00f3n\u201d, se\u00f1al\u00f3, enfatizando que la presencia activa de las personas con discapacidad es clave para construir pol\u00edticas verdaderamente inclusivas.<\/p>\n\n\n\n<p>La Direcci\u00f3n cuenta con dos ejes centrales de trabajo el primero se trata del Certificado \u00danico de Discapacidad (CUD) documento oficial que certifica la discapacidad y habilita el acceso a un amplio marco de derechos, como vivienda, exenci\u00f3n de impuestos, gratuidad en transporte y diversas prestaciones sociales y sanitarias.<\/p>\n\n\n\n<p>En tanto que el segundo es la Junta de Prestadores. Esta brinda apoyo terap\u00e9utico y de rehabilitaci\u00f3n. \u201cactualmente estamos acompa\u00f1ando y asesorando a tres centros para que, a trav\u00e9s de la ANDIS, puedan obtener la documentaci\u00f3n pertinente y seguir fortaleciendo su labor\u201d, explic\u00f3 Alves.<\/p>\n\n\n\n<p><br>En Misiones, la provincia cuenta con cerca de 34.000 CUD activos, principalmente vinculados a discapacidades motrices, mentales e intelectuales, seguidas por las sensoriales. Dentro de ellas se observan las visuales y auditivas.<br>Este a\u00f1o, tambi\u00e9n se incorpor\u00f3 una nueva junta evaluadora en Ap\u00f3stoles, alcanzando un total de 13 juntas. \u201cEsta \u00faltima funciona en un CIC, lo que nos permiti\u00f3 salir del \u00e1mbito sanitario tradicional para darle una mirada m\u00e1s social y comunitaria\u201d, destac\u00f3. Las 12 juntas evaluadoras restantes se encuentran en: Posadas, Ober\u00e1, Eldorado, Leandro N. Alem, Jard\u00edn Am\u00e9rica, Iguaz\u00fa, Andresito, San Vicente y El Soberbio.<\/p>\n\n\n\n<p><br>Alves mencion\u00f3 los avances logrados a trav\u00e9s del trabajo conjunto entre los programas de Salud (APS) y Educaci\u00f3n (Direcci\u00f3n de Escuelas Especiales), especialmente mediante el Programa PROSAME.<br>\u201cAll\u00ed detectamos que muchos ni\u00f1os asist\u00edan a escuelas especiales sin un diagn\u00f3stico certero, lo que deriv\u00f3 en la ausencia del CUD. Gracias al trabajo articulado pudimos evaluar a cada ni\u00f1o con un m\u00e9dico, controlar peso, talla y vacunas, y garantizarles los turnos necesarios para ser diagnosticados y obtener su certificado\u201d, explic\u00f3.<\/p>\n\n\n\n<p><br>Para cerrar, la directora destac\u00f3 que la mayor fortaleza del 2025 fue la articulaci\u00f3n interinstitucional \u201clo m\u00e1s valioso que obtuvimos este a\u00f1o fue el trabajo conjunto.<br>Unificamos miradas y escuchamos a todas las partes para garantizar la obtenci\u00f3n de este derecho fundamental que es el CUD.\u201d<\/p>\n","protected":false},"excerpt":{"rendered":"<p>En el marco del D&iacute;a Internacional de las Personas con Discapacidad, la directora de Discapacidad del Ministerio de Salud P&uacute;blica de Misiones, Marcela Alves, destac&oacute; la importancia de fortalecer el&hellip; <\/p>\n","protected":false},"author":3,"featured_media":38031,"comment_status":"closed","ping_status":"closed","sticky":false,"template":"","format":"standard","meta":{"_monsterinsights_skip_tracking":false,"_monsterinsights_sitenote_active":false,"_monsterinsights_sitenote_note":"","_monsterinsights_sitenote_category":0},"categories":[3],"tags":[19],"aioseo_notices":[],"_links":{"self":[{"href":"https:\/\/radionewsmisiones.ar\/site\/wp-json\/wp\/v2\/posts\/38030"}],"collection":[{"href":"https:\/\/radionewsmisiones.ar\/site\/wp-json\/wp\/v2\/posts"}],"about":[{"href":"https:\/\/radionewsmisiones.ar\/site\/wp-json\/wp\/v2\/types\/post"}],"author":[{"embeddable":true,"href":"https:\/\/radionewsmisiones.ar\/site\/wp-json\/wp\/v2\/users\/3"}],"replies":[{"embeddable":true,"href":"https:\/\/radionewsmisiones.ar\/site\/wp-json\/wp\/v2\/comments?post=38030"}],"version-history":[{"count":1,"href":"https:\/\/radionewsmisiones.ar\/site\/wp-json\/wp\/v2\/posts\/38030\/revisions"}],"predecessor-version":[{"id":38032,"href":"https:\/\/radionewsmisiones.ar\/site\/wp-json\/wp\/v2\/posts\/38030\/revisions\/38032"}],"wp:featuredmedia":[{"embeddable":true,"href":"https:\/\/radionewsmisiones.ar\/site\/wp-json\/wp\/v2\/media\/38031"}],"wp:attachment":[{"href":"https:\/\/radionewsmisiones.ar\/site\/wp-json\/wp\/v2\/media?parent=38030"}],"wp:term":[{"taxonomy":"category","embeddable":true,"href":"https:\/\/radionewsmisiones.ar\/site\/wp-json\/wp\/v2\/categories?post=38030"},{"taxonomy":"post_tag","embeddable":true,"href":"https:\/\/radionewsmisiones.ar\/site\/wp-json\/wp\/v2\/tags?post=38030"}],"curies":[{"name":"wp","href":"https:\/\/api.w.org\/{rel}","templated":true}]}}