{"id":38033,"date":"2025-12-04T07:50:33","date_gmt":"2025-12-04T10:50:33","guid":{"rendered":"https:\/\/radionewsmisiones.ar\/site\/?p=38033"},"modified":"2025-12-04T07:50:37","modified_gmt":"2025-12-04T10:50:37","slug":"los-diagnosticos-por-el-estado-de-la-vision-marcaron-el-pulso-del-operativo-de-mirar-mejor-en-san-pedro","status":"publish","type":"post","link":"https:\/\/radionewsmisiones.ar\/site\/provinciales\/los-diagnosticos-por-el-estado-de-la-vision-marcaron-el-pulso-del-operativo-de-mirar-mejor-en-san-pedro\/","title":{"rendered":"Los diagn\u00f3sticos por el estado de la visi\u00f3n marcaron el pulso del operativo de Mirar Mejor en San Pedro"},"content":{"rendered":"\n<p>Con una gran convocatoria de decenas de vecinos de San Pedro, Mirar Mejor arrib\u00f3 este mi\u00e9rcoles al polideportivo local para acercar la salud visual, en el marco de su operativo n\u00famero 59 por la provincia.<\/p>\n\n\n\n<figure class=\"wp-block-image size-full\"><img loading=\"lazy\" width=\"1000\" height=\"750\" src=\"https:\/\/radionewsmisiones.ar\/site\/wp-content\/uploads\/2025\/12\/Mirar-Mejor-San-Pedro1.jpeg\" alt=\"\" class=\"wp-image-38034\" srcset=\"https:\/\/radionewsmisiones.ar\/site\/wp-content\/uploads\/2025\/12\/Mirar-Mejor-San-Pedro1.jpeg 1000w, https:\/\/radionewsmisiones.ar\/site\/wp-content\/uploads\/2025\/12\/Mirar-Mejor-San-Pedro1-300x225.jpeg 300w, https:\/\/radionewsmisiones.ar\/site\/wp-content\/uploads\/2025\/12\/Mirar-Mejor-San-Pedro1-768x576.jpeg 768w\" sizes=\"(max-width: 1000px) 100vw, 1000px\" \/><\/figure>\n\n\n\n<p>La revisi\u00f3n del estado de la salud visual fue la principal inquietud que realizaron las personas que asistieron a esta iniciativa de Gobernaci\u00f3n, coordinada por el IPLyC, en conjunto con la Sociedad de Oftalmolog\u00eda de Misiones (SOMI). Muchos de los vecinos adujeron que las distancias a las principales ciudades condicionan la concurrencia a un control de la visi\u00f3n. \u201cQue vengan a San Pedro, sin tener que viajar a San Vicente, Ober\u00e1 o Posadas, es un gran alivio\u201d, se\u00f1al\u00f3 Valeria G\u00f3mez, vecina de la localidad, quien cont\u00f3 que por primera vez usar\u00e1 anteojos. \u201cHace unos siete meses que estoy con dificultades para ver de cerca y necesitaba anteojos. Ahora que los tengo, es un gran alivio\u201d, a\u00f1adi\u00f3.<\/p>\n\n\n\n<p>Adem\u00e1s de las consultas, los diagn\u00f3sticos, las derivaciones y las entregas de anteojos recetados sin costo para los pacientes fueron otras de las atenciones que se brind\u00f3 durante la ma\u00f1ana de este mi\u00e9rcoles.<\/p>\n\n\n\n<p>Sandra Bertolotti, por su parte, cont\u00f3 que \u201cme llevo unos anteojos para ver de cerca, para ver mejor el celular y leer. Es un gran alivio porque con estos lentes veo mucho mejor, adem\u00e1s de que aliviana los costos\u201d.<\/p>\n\n\n\n<p>Dora Pedrozo, en tanto, se\u00f1al\u00f3: \u201cVine al operativo porque necesitaba anteojos para leer. Me gust\u00f3 la atenci\u00f3n. Con esto me va a cambiar la vida porque voy a poder leer m\u00e1s de cerca\u201d.<\/p>\n\n\n\n<p>El presidente del IPLyC, H\u00e9ctor Rojas Decut, afirm\u00f3: \u201cEn cada municipio transformamos realidades de los vecinos y vecinas, con un programa austero, sencillo, de r\u00e1pida soluci\u00f3n y efectivo. Que un adulto mayor recupere nitidez en su d\u00eda a d\u00eda, por ejemplo, es lo que buscamos con cada consulta, cada diagn\u00f3stico, cada par de anteojos entregado\u201d.<\/p>\n\n\n\n<p>De esta manera, el pr\u00f3ximo mi\u00e9rcoles esta iniciativa llega al municipio n\u00famero 60 brindando soluciones integrales para la visi\u00f3n. Puerto Esperanza es el destino con el que se cierra el intenso recorrido de esta iniciativa que lleg\u00f3 a cada comuna donde no hay un profesional de la vista de manera permanente.<\/p>\n","protected":false},"excerpt":{"rendered":"<p>Con una gran convocatoria de decenas de vecinos de San Pedro, Mirar Mejor arrib&oacute; este mi&eacute;rcoles al polideportivo local para acercar la salud visual, en el marco de su operativo&hellip; <\/p>\n","protected":false},"author":3,"featured_media":38035,"comment_status":"closed","ping_status":"closed","sticky":false,"template":"","format":"standard","meta":{"_monsterinsights_skip_tracking":false,"_monsterinsights_sitenote_active":false,"_monsterinsights_sitenote_note":"","_monsterinsights_sitenote_category":0},"categories":[3],"tags":[173],"aioseo_notices":[],"_links":{"self":[{"href":"https:\/\/radionewsmisiones.ar\/site\/wp-json\/wp\/v2\/posts\/38033"}],"collection":[{"href":"https:\/\/radionewsmisiones.ar\/site\/wp-json\/wp\/v2\/posts"}],"about":[{"href":"https:\/\/radionewsmisiones.ar\/site\/wp-json\/wp\/v2\/types\/post"}],"author":[{"embeddable":true,"href":"https:\/\/radionewsmisiones.ar\/site\/wp-json\/wp\/v2\/users\/3"}],"replies":[{"embeddable":true,"href":"https:\/\/radionewsmisiones.ar\/site\/wp-json\/wp\/v2\/comments?post=38033"}],"version-history":[{"count":1,"href":"https:\/\/radionewsmisiones.ar\/site\/wp-json\/wp\/v2\/posts\/38033\/revisions"}],"predecessor-version":[{"id":38036,"href":"https:\/\/radionewsmisiones.ar\/site\/wp-json\/wp\/v2\/posts\/38033\/revisions\/38036"}],"wp:featuredmedia":[{"embeddable":true,"href":"https:\/\/radionewsmisiones.ar\/site\/wp-json\/wp\/v2\/media\/38035"}],"wp:attachment":[{"href":"https:\/\/radionewsmisiones.ar\/site\/wp-json\/wp\/v2\/media?parent=38033"}],"wp:term":[{"taxonomy":"category","embeddable":true,"href":"https:\/\/radionewsmisiones.ar\/site\/wp-json\/wp\/v2\/categories?post=38033"},{"taxonomy":"post_tag","embeddable":true,"href":"https:\/\/radionewsmisiones.ar\/site\/wp-json\/wp\/v2\/tags?post=38033"}],"curies":[{"name":"wp","href":"https:\/\/api.w.org\/{rel}","templated":true}]}}