{"id":38037,"date":"2025-12-04T07:55:21","date_gmt":"2025-12-04T10:55:21","guid":{"rendered":"https:\/\/radionewsmisiones.ar\/site\/?p=38037"},"modified":"2025-12-04T07:55:27","modified_gmt":"2025-12-04T10:55:27","slug":"misiones-referente-nacional-el-ministerio-del-agro-fue-distinguido-en-los-premios-argentina-organica","status":"publish","type":"post","link":"https:\/\/radionewsmisiones.ar\/site\/provinciales\/misiones-referente-nacional-el-ministerio-del-agro-fue-distinguido-en-los-premios-argentina-organica\/","title":{"rendered":"Misiones, referente nacional: el Ministerio del Agro fue distinguido en los premios argentina org\u00e1nica"},"content":{"rendered":"\n<p><em>La provincia volvi\u00f3 a ser reconocida a nivel nacional por su pol\u00edtica p\u00fablica sostenida de promoci\u00f3n de la producci\u00f3n org\u00e1nica, un trabajo que Misiones desarrolla desde hace cinco a\u00f1os y que hoy se consolida como modelo para el pa\u00eds.<\/em><\/p>\n\n\n\n<figure class=\"wp-block-image size-large\"><img loading=\"lazy\" width=\"769\" height=\"1024\" src=\"https:\/\/radionewsmisiones.ar\/site\/wp-content\/uploads\/2025\/12\/WhatsApp-Image-2025-12-03-at-12.27.31-769x1024.jpeg\" alt=\"\" class=\"wp-image-38038\" srcset=\"https:\/\/radionewsmisiones.ar\/site\/wp-content\/uploads\/2025\/12\/WhatsApp-Image-2025-12-03-at-12.27.31-769x1024.jpeg 769w, https:\/\/radionewsmisiones.ar\/site\/wp-content\/uploads\/2025\/12\/WhatsApp-Image-2025-12-03-at-12.27.31-225x300.jpeg 225w, https:\/\/radionewsmisiones.ar\/site\/wp-content\/uploads\/2025\/12\/WhatsApp-Image-2025-12-03-at-12.27.31-768x1023.jpeg 768w, https:\/\/radionewsmisiones.ar\/site\/wp-content\/uploads\/2025\/12\/WhatsApp-Image-2025-12-03-at-12.27.31.jpeg 868w\" sizes=\"(max-width: 769px) 100vw, 769px\" \/><\/figure>\n\n\n\n<p>En el marco del V Encuentro Federal de Producci\u00f3n Org\u00e1nica, realizado este mi\u00e9rcoles en CABA, el Ministerio del Agro y la Producci\u00f3n recibi\u00f3 una nueva distinci\u00f3n en los<strong> Premios Argentina Org\u00e1nica<\/strong>, destacando la solidez de una estrategia que combina formaci\u00f3n, asistencia t\u00e9cnica, desarrollo territorial y comunicaci\u00f3n p\u00fablica al servicio de un sistema productivo m\u00e1s saludable. El evento reuni\u00f3 a organismos nacionales, instituciones provinciales, entidades certificadoras y empresas del sector en un espacio federal de intercambio y planificaci\u00f3n.<\/p>\n\n\n\n<p>El reconocimiento -en la categor\u00eda de \u00abPrograma municipal, provincial o biodistrito\u00bb- se inscribe en un proceso iniciado en 2021, cuando Misiones puso en marcha el Programa de <strong>Promoci\u00f3n de la Producci\u00f3n Org\u00e1nica<\/strong>, priorizando la capacitaci\u00f3n, la articulaci\u00f3n institucional y la difusi\u00f3n estrat\u00e9gica. Desde entonces, la provincia sostiene una pol\u00edtica p\u00fablica integral que acompa\u00f1a a productores, impulsa la transici\u00f3n hacia sistemas m\u00e1s sostenibles y fortalece la competitividad del agro misionero. Adem\u00e1s, la cartera agraria sum\u00f3 herramientas innovadoras como la <strong>CheckList Org\u00e1nica<\/strong>, un autodiagn\u00f3stico digital que permite a productores identificar su nivel de cumplimiento con la Norma Org\u00e1nica Argentina y planificar su transici\u00f3n. La herramienta est\u00e1 disponible en: https:\/\/gis.agro.i-bc.com.ar\/diagnosticos\/registro<\/p>\n\n\n\n<p>Durante el encuentro, el ministro del Agro y la Producci\u00f3n, <strong>Lic. Facundo L\u00f3pez Sartori<\/strong>, se\u00f1al\u00f3 que este premio \u201c<em>vuelve a posicionar a Misiones como un actor clave en la agenda nacional de alimentos org\u00e1nicos. Es un reconocimiento al esfuerzo t\u00e9cnico, territorial y humano que durante a\u00f1os venimos construyendo para que la transici\u00f3n org\u00e1nica sea una oportunidad concreta para cada productor. Misiones demuestra que la sostenibilidad puede ser una pol\u00edtica p\u00fablica con impacto real<\/em>\u201d.<\/p>\n\n\n\n<p>La distinci\u00f3n tambi\u00e9n retoma un antecedente significativo: hace dos a\u00f1os Misiones ya hab\u00eda sido premiada por su campa\u00f1a de promoci\u00f3n de la producci\u00f3n org\u00e1nica, un logro que marc\u00f3 la capacidad de la provincia para instalar una conversaci\u00f3n p\u00fablica sostenida sobre la importancia de producir y consumir alimentos org\u00e1nicos.<\/p>\n\n\n\n<p>En esa l\u00ednea, la subsecretaria de Desarrollo y Producci\u00f3n Vegetal, <strong>Ing. Agr. Luciana Imbrogno<\/strong>, destac\u00f3 que esta nueva distinci\u00f3n \u201c<em>es parte del resultado de un trabajo constante, que articula acompa\u00f1amiento t\u00e9cnico, formaci\u00f3n de recursos humanos y herramientas innovadoras como la CheckList Org\u00e1nica y una presencia territorial que escucha y orienta. La producci\u00f3n org\u00e1nica dej\u00f3 de ser una excepci\u00f3n para convertirse en una meta alcanzable logrando diferenciaci\u00f3n y valor agregado, con pol\u00edticas que la respaldan<\/em>\u201d.<\/p>\n\n\n\n<p>La directora general de Yerba Mate y T\u00e9, Ing. Agr. <strong>Tatiana Bida<\/strong>, agreg\u00f3 que \u201c<em>este reconocimiento tambi\u00e9n pertenece a las cadenas productivas que se animan a dar el salto. En yerba mate y t\u00e9 venimos acompa\u00f1ando procesos que integran buenas pr\u00e1cticas, trazabilidad, manejo responsable, fortaleciendo la competitividad de nuestros productos en mercados diferenciados<\/em>\u201d.<\/p>\n\n\n\n<p>La dimensi\u00f3n comunicacional -se\u00f1alada por el jurado como un componente diferencial- tambi\u00e9n ocup\u00f3 un lugar central. La directora de Comunicaci\u00f3n del Agro, <strong>Mgter. Josefina Pividori<\/strong>, subray\u00f3 que \u201c<em>la<\/em> <em>comunicaci\u00f3n es un recurso clave que acompa\u00f1a e impulsa la transformaci\u00f3n productiva. Comunicar no es solo contar lo que se est\u00e1 haciendo, sino que busca construir una agenda que permita acercar la idea de lo org\u00e1nico al consumo cotidiano, generar confianza, permitir que las familias productoras vean valor en la transici\u00f3n. Este reconocimiento es muestra de que Misiones avanza en la construcci\u00f3n de un relato coherente entre lo dicho y lo hecho, brindando nuevas oportunidades para el sector agroalimentario.\u201d<\/em><\/p>\n\n\n\n<p>El Encuentro Federal incluy\u00f3 tambi\u00e9n rondas de negocios, conversatorios tem\u00e1ticos y una exposici\u00f3n de empresas proveedoras de bioinsumos, consolidando un espacio donde la estrategia provincial dialoga con experiencias de todo el pa\u00eds. Con este reconocimiento, Misiones reafirma una pol\u00edtica p\u00fablica que integra innovaci\u00f3n, formaci\u00f3n, territorialidad y comunicaci\u00f3n para impulsar un modelo productivo m\u00e1s seguro, competitivo y sostenible. El Ministerio del Agro continuar\u00e1 profundizando esta agenda durante 2026, fortaleciendo la producci\u00f3n org\u00e1nica como parte del desarrollo estrat\u00e9gico y la identidad agroproductiva de la provincia.<\/p>\n","protected":false},"excerpt":{"rendered":"<p>La provincia volvi&oacute; a ser reconocida a nivel nacional por su pol&iacute;tica p&uacute;blica sostenida de promoci&oacute;n de la producci&oacute;n org&aacute;nica, un trabajo que Misiones desarrolla desde hace cinco a&ntilde;os y&hellip; <\/p>\n","protected":false},"author":3,"featured_media":38039,"comment_status":"closed","ping_status":"closed","sticky":false,"template":"","format":"standard","meta":{"_monsterinsights_skip_tracking":false,"_monsterinsights_sitenote_active":false,"_monsterinsights_sitenote_note":"","_monsterinsights_sitenote_category":0},"categories":[3],"tags":[207],"aioseo_notices":[],"_links":{"self":[{"href":"https:\/\/radionewsmisiones.ar\/site\/wp-json\/wp\/v2\/posts\/38037"}],"collection":[{"href":"https:\/\/radionewsmisiones.ar\/site\/wp-json\/wp\/v2\/posts"}],"about":[{"href":"https:\/\/radionewsmisiones.ar\/site\/wp-json\/wp\/v2\/types\/post"}],"author":[{"embeddable":true,"href":"https:\/\/radionewsmisiones.ar\/site\/wp-json\/wp\/v2\/users\/3"}],"replies":[{"embeddable":true,"href":"https:\/\/radionewsmisiones.ar\/site\/wp-json\/wp\/v2\/comments?post=38037"}],"version-history":[{"count":1,"href":"https:\/\/radionewsmisiones.ar\/site\/wp-json\/wp\/v2\/posts\/38037\/revisions"}],"predecessor-version":[{"id":38040,"href":"https:\/\/radionewsmisiones.ar\/site\/wp-json\/wp\/v2\/posts\/38037\/revisions\/38040"}],"wp:featuredmedia":[{"embeddable":true,"href":"https:\/\/radionewsmisiones.ar\/site\/wp-json\/wp\/v2\/media\/38039"}],"wp:attachment":[{"href":"https:\/\/radionewsmisiones.ar\/site\/wp-json\/wp\/v2\/media?parent=38037"}],"wp:term":[{"taxonomy":"category","embeddable":true,"href":"https:\/\/radionewsmisiones.ar\/site\/wp-json\/wp\/v2\/categories?post=38037"},{"taxonomy":"post_tag","embeddable":true,"href":"https:\/\/radionewsmisiones.ar\/site\/wp-json\/wp\/v2\/tags?post=38037"}],"curies":[{"name":"wp","href":"https:\/\/api.w.org\/{rel}","templated":true}]}}