{"id":38041,"date":"2025-12-04T08:12:34","date_gmt":"2025-12-04T11:12:34","guid":{"rendered":"https:\/\/radionewsmisiones.ar\/site\/?p=38041"},"modified":"2025-12-04T08:13:05","modified_gmt":"2025-12-04T11:13:05","slug":"prevencion-de-incendios-misiones-potencia-su-estrategia-anual-con-la-campana-no-me-quemes","status":"publish","type":"post","link":"https:\/\/radionewsmisiones.ar\/site\/provinciales\/prevencion-de-incendios-misiones-potencia-su-estrategia-anual-con-la-campana-no-me-quemes\/","title":{"rendered":"Prevenci\u00f3n de incendios: Misiones potencia su estrategia anual con la campa\u00f1a \u201cNo me quem\u00e9s\u201d"},"content":{"rendered":"\n<p>La Provincia present\u00f3 una nueva edici\u00f3n de la campa\u00f1a \u201cNo Me Quem\u00e9s\u201d, una iniciativa interinstitucional destinada a reforzar la prevenci\u00f3n de incendios forestales y rurales mediante educaci\u00f3n ambiental, capacitaci\u00f3n comunitaria y el uso de tecnolog\u00eda para el monitoreo clim\u00e1tico. El relanzamiento vuelve a poner en agenda el cuidado del ambiente frente a la temporada de mayor riesgo.<\/p>\n\n\n\n<figure class=\"wp-block-embed is-type-video is-provider-youtube wp-block-embed-youtube wp-embed-aspect-16-9 wp-has-aspect-ratio\"><div class=\"wp-block-embed__wrapper\">\n<iframe loading=\"lazy\" title=\"\ud83c\udf3f\ud83d\udc1e Cuidar la naturaleza no es una moda\u2026 es una actitud.\" width=\"1110\" height=\"624\" src=\"https:\/\/www.youtube.com\/embed\/nNKPrpks2i0?feature=oembed\" frameborder=\"0\" allow=\"accelerometer; autoplay; clipboard-write; encrypted-media; gyroscope; picture-in-picture; web-share\" referrerpolicy=\"strict-origin-when-cross-origin\" allowfullscreen><\/iframe>\n<\/div><\/figure>\n\n\n\n<p> El Gobierno de Misiones present\u00f3 una nueva edici\u00f3n de la campa\u00f1a provincial \u201cNo Me Quem\u00e9s\u201d, una iniciativa de prevenci\u00f3n impulsada por el Ministerio de Ecolog\u00eda. El objetivo central es fortalecer la concientizaci\u00f3n social sobre el manejo responsable del fuego, especialmente frente al per\u00edodo cr\u00edtico del verano, cuando las altas temperaturas y la baja humedad incrementan el riesgo de incendios forestales y rurales.<\/p>\n\n\n\n<p>Como parte de este trabajo preventivo, la campa\u00f1a integra educaci\u00f3n ambiental, jornadas de formaci\u00f3n para municipios y comunidades, y la instalaci\u00f3n de estaciones meteorol\u00f3gicas destinadas a mejorar la gesti\u00f3n del recurso h\u00eddrico y anticipar escenarios de riesgo. Adem\u00e1s, se desarrollan capacitaciones, charlas informativas y acciones de sensibilizaci\u00f3n en espacios p\u00fablicos y entornos naturales de toda la provincia.<\/p>\n\n\n\n<p>Desde Ecolog\u00eda explicaron que \u201cNo Me Quem\u00e9s\u201d resume el mensaje que la flora, la fauna y las comunidades locales buscan transmitir: un llamado directo a la responsabilidad social frente al uso del fuego. Se\u00f1alaron que la preparaci\u00f3n para el verano es un proceso que se desarrolla durante todo el a\u00f1o, con entrenamientos, pr\u00e1cticas, adquisici\u00f3n de equipamiento, incorporaci\u00f3n de tecnolog\u00eda y actualizaci\u00f3n de los sistemas de alerta temprana.<\/p>\n\n\n\n<p>En ese sentido, recordaron que la provincia cuenta con un amplio despliegue operativo para el combate de incendios, con brigadistas provinciales y nacionales, autobombas, equipos de ataque r\u00e1pido, medios a\u00e9reos y herramientas tecnol\u00f3gicas, entre ellas im\u00e1genes satelitales para identificar zonas cr\u00edticas. Este esquema se complementa con el trabajo territorial de guardaparques, bomberos voluntarios y las distintas fuerzas de seguridad.<\/p>\n\n\n\n<p>A su vez, la campa\u00f1a potenciar\u00e1 la presencia preventiva en parques provinciales con alta concurrencia tur\u00edstica, donde los equipos brindar\u00e1n informaci\u00f3n sobre c\u00f3mo evitar incendios accidentales y distribuir\u00e1n materiales gr\u00e1ficos y calcoman\u00edas informativas.<\/p>\n\n\n\n<p>Desde el Gobierno provincial remarcaron que la prevenci\u00f3n es un compromiso compartido: el trabajo de los organismos se sostiene con la responsabilidad diaria de la ciudadan\u00eda. En ese marco, destacaron que iniciativas como \u201cNo Me Quem\u00e9s\u201d buscan reforzar una cultura del cuidado del ambiente, proteger los ecosistemas misioneros y resguardar la integridad de las comunidades rurales y urbanas.<\/p>\n","protected":false},"excerpt":{"rendered":"<p>La Provincia present&oacute; una nueva edici&oacute;n de la campa&ntilde;a &ldquo;No Me Quem&eacute;s&rdquo;, una iniciativa interinstitucional destinada a reforzar la prevenci&oacute;n de incendios forestales y rurales mediante educaci&oacute;n ambiental, capacitaci&oacute;n comunitaria&hellip; <\/p>\n","protected":false},"author":3,"featured_media":38042,"comment_status":"closed","ping_status":"closed","sticky":false,"template":"","format":"standard","meta":{"_monsterinsights_skip_tracking":false,"_monsterinsights_sitenote_active":false,"_monsterinsights_sitenote_note":"","_monsterinsights_sitenote_category":0},"categories":[3],"tags":[237],"aioseo_notices":[],"_links":{"self":[{"href":"https:\/\/radionewsmisiones.ar\/site\/wp-json\/wp\/v2\/posts\/38041"}],"collection":[{"href":"https:\/\/radionewsmisiones.ar\/site\/wp-json\/wp\/v2\/posts"}],"about":[{"href":"https:\/\/radionewsmisiones.ar\/site\/wp-json\/wp\/v2\/types\/post"}],"author":[{"embeddable":true,"href":"https:\/\/radionewsmisiones.ar\/site\/wp-json\/wp\/v2\/users\/3"}],"replies":[{"embeddable":true,"href":"https:\/\/radionewsmisiones.ar\/site\/wp-json\/wp\/v2\/comments?post=38041"}],"version-history":[{"count":1,"href":"https:\/\/radionewsmisiones.ar\/site\/wp-json\/wp\/v2\/posts\/38041\/revisions"}],"predecessor-version":[{"id":38043,"href":"https:\/\/radionewsmisiones.ar\/site\/wp-json\/wp\/v2\/posts\/38041\/revisions\/38043"}],"wp:featuredmedia":[{"embeddable":true,"href":"https:\/\/radionewsmisiones.ar\/site\/wp-json\/wp\/v2\/media\/38042"}],"wp:attachment":[{"href":"https:\/\/radionewsmisiones.ar\/site\/wp-json\/wp\/v2\/media?parent=38041"}],"wp:term":[{"taxonomy":"category","embeddable":true,"href":"https:\/\/radionewsmisiones.ar\/site\/wp-json\/wp\/v2\/categories?post=38041"},{"taxonomy":"post_tag","embeddable":true,"href":"https:\/\/radionewsmisiones.ar\/site\/wp-json\/wp\/v2\/tags?post=38041"}],"curies":[{"name":"wp","href":"https:\/\/api.w.org\/{rel}","templated":true}]}}