{"id":38047,"date":"2025-12-04T08:32:57","date_gmt":"2025-12-04T11:32:57","guid":{"rendered":"https:\/\/radionewsmisiones.ar\/site\/?p=38047"},"modified":"2025-12-04T08:33:00","modified_gmt":"2025-12-04T11:33:00","slug":"recuerdos-emociones-y-homenaje-a-maria-helena-marcaron-el-simposio-del-festival-del-litoral","status":"publish","type":"post","link":"https:\/\/radionewsmisiones.ar\/site\/provinciales\/recuerdos-emociones-y-homenaje-a-maria-helena-marcaron-el-simposio-del-festival-del-litoral\/","title":{"rendered":"Recuerdos, emociones y homenaje a Mar\u00eda Helena marcaron el simposio del Festival del Litoral"},"content":{"rendered":"\n<p>El tradicional encuentro cont\u00f3 con una gran participaci\u00f3n de m\u00fasicos, artistas y ex protagonistas del Festival, quienes sumaron sus memorias a las ponencias. El simposio se centr\u00f3 en la investigaci\u00f3n, la t\u00e9cnica y el cruce interdisciplinario de expresiones art\u00edsticas y culturales.<\/p>\n\n\n\n<figure class=\"wp-block-image size-large\"><img loading=\"lazy\" width=\"1024\" height=\"682\" src=\"https:\/\/radionewsmisiones.ar\/site\/wp-content\/uploads\/2025\/12\/WhatsApp-Image-2025-12-04-at-06.01.48-1024x682.jpeg\" alt=\"\" class=\"wp-image-38048\" srcset=\"https:\/\/radionewsmisiones.ar\/site\/wp-content\/uploads\/2025\/12\/WhatsApp-Image-2025-12-04-at-06.01.48-1024x682.jpeg 1024w, https:\/\/radionewsmisiones.ar\/site\/wp-content\/uploads\/2025\/12\/WhatsApp-Image-2025-12-04-at-06.01.48-300x200.jpeg 300w, https:\/\/radionewsmisiones.ar\/site\/wp-content\/uploads\/2025\/12\/WhatsApp-Image-2025-12-04-at-06.01.48-768x512.jpeg 768w, https:\/\/radionewsmisiones.ar\/site\/wp-content\/uploads\/2025\/12\/WhatsApp-Image-2025-12-04-at-06.01.48-1536x1023.jpeg 1536w, https:\/\/radionewsmisiones.ar\/site\/wp-content\/uploads\/2025\/12\/WhatsApp-Image-2025-12-04-at-06.01.48.jpeg 1600w\" sizes=\"(max-width: 1024px) 100vw, 1024px\" \/><\/figure>\n\n\n\n<p>En el sal\u00f3n principal del Palacio del Mate se llev\u00f3 a cabo el Simposio del 56\u00b0 Festival Nacional de la M\u00fasica del Litoral y 18\u00b0 del Mercosur, instancias centrales que forman parte del camino hacia el tradicional evento.<\/p>\n\n\n\n<p>El simposio fue un espacio de debate y reflexi\u00f3n en torno a la m\u00fasica, la danza, el arte, la puesta en escena y la memoria del Festival. Estuvo dirigido a artistas y especialistas, pero tambi\u00e9n convoc\u00f3 a vecinos y ex protagonistas interesados en la evoluci\u00f3n de estas expresiones culturales y los aportes para su fortalecimiento.<\/p>\n\n\n\n<p>Con m\u00e1s de medio siglo de historia, el Festival Nacional de la M\u00fasica del Litoral se ha transformado en un puente que conecta ideas, personas y experiencias. Por esta raz\u00f3n, el Simposio se reconfigur\u00f3 a trav\u00e9s de nuevas din\u00e1micas que no solo exploraron la danza y la m\u00fasica litorale\u00f1a, sino que buscaron ampliar el debate hacia otras perspectivas sobre la creaci\u00f3n y el cultivo de la cultura como herramienta de transformaci\u00f3n social y patrimonio inmaterial.<\/p>\n\n\n\n<p>Las ponencias<br>La primera expositora fue la Lic. Gabriela Larramendi, cuya ponencia se titul\u00f3: \u201cEntre el c\u00f3mo y el ser misionero: una mirada hist\u00f3rica desde los a\u00f1os \u201960 hacia el Festival y el Simposio de hoy\u201d. En su presentaci\u00f3n, la historiadora repas\u00f3 los momentos que marcaron un hito en la composici\u00f3n de \u00abla cultura misionera y sus expresiones art\u00edsticas\u00bb. Gabriela respald\u00f3 su investigaci\u00f3n con documentaci\u00f3n hist\u00f3rica, como el acta fundacional de la \u00abPe\u00f1a Lapacho\u00bb, la primera surgida en la d\u00e9cada de 1930. Destac\u00f3 el aporte de grandes figuras de la cultura como Lucas Braulio Areco, Vicente Cidade y su hermano Gumercindo Cidade, conocido como Ram\u00f3n Ayala, as\u00ed como la creaci\u00f3n de la Orquesta Folkl\u00f3rica. Estos actores, resalt\u00f3, ayudaron a definir las caracter\u00edsticas principales de la m\u00fasica de Misiones, que m\u00e1s tarde se plasmar\u00edan en la realizaci\u00f3n del Festival de la M\u00fasica Litorale\u00f1a.<\/p>\n\n\n\n<p>El segundo expositor fue Mat\u00edas Voynes, cuya intervenci\u00f3n se denomin\u00f3 \u201c49 escalones y los testigos. La t\u00e9cnica del Festival en los \u00faltimos 20 a\u00f1os\u201d. Mat\u00edas lleva dos d\u00e9cadas formando parte del Festival y actualmente integra el equipo t\u00e9cnico responsable de la puesta a punto para el p\u00fablico. A partir de la an\u00e9cdota de los \u00ab49 escalones\u00bb que unen la explanada del anfiteatro Manuel Antonio Ram\u00edrez con el escenario \u00abAlcib\u00edades Alarc\u00f3n\u00bb, Mat\u00edas repas\u00f3 la evoluci\u00f3n del montaje esc\u00e9nico que acompa\u00f1a a m\u00fasicos, bailarines y artistas. \u00abEl Festival ha cambiado mucho en estos a\u00f1os, pero siempre ha cambiado para adelante, para sumar, para mejor\u00bb, destac\u00f3 Voynes.<\/p>\n\n\n\n<p>Las exposiciones concluyeron con una representaci\u00f3n teatral a cargo de Veroka Fedeli, acompa\u00f1ada por Silvina Warenycia y el m\u00fasico Fernando Gruber, buscando \u00abhomenajear a Mar\u00eda Helena a 60 a\u00f1os de su consagraci\u00f3n\u00bb. La obra, adaptada al tiempo del simposio y titulada \u00abLa Canci\u00f3n del Adi\u00f3s\u00bb, narr\u00f3 la historia de una joven (Carmen Helena) bautizada en honor a la cantante, \u00abla novia de Posadas\u00bb. La pieza record\u00f3 a aquella joven con voz angelical que deslumbraba las noches del Festival en la d\u00e9cada de 1960, provocando l\u00e1grimas de emoci\u00f3n y recuerdo entre los presentes.<\/p>\n\n\n\n<p>\u00abQue el Festival siempre salga\u00bb<br>Tras las ponencias, los presentes tomaron la palabra. El primero fue Roberto Rettori, hist\u00f3rico locutor del Festival, quien comparti\u00f3 vivencias y enfatiz\u00f3 su alegr\u00eda no solo por la realizaci\u00f3n del evento, sino por su acompa\u00f1amiento con el Simposio.<\/p>\n\n\n\n<p>Mart\u00edn Rivero aport\u00f3 sus memorias y record\u00f3 que su padre fue el int\u00e9rprete del primer tema ejecutado en el Festival de la M\u00fasica Litorale\u00f1a, en noviembre de 1963. Otros ex participantes tambi\u00e9n rememoraron datos y momentos ic\u00f3nicos de la fiesta Posade\u00f1a.<\/p>\n\n\n\n<p>Nito Encina, quien actuar\u00e1 el viernes, tambi\u00e9n comparti\u00f3 algunas vivencias. Mar\u00eda Isabel Gramajo dedic\u00f3 unas palabras a Mar\u00eda Helena, destacando la humildad de la consagrada cantante.<\/p>\n\n\n\n<p>M\u00e1s all\u00e1 de los recuerdos, hubo una consigna que se repiti\u00f3 y que seguramente es el sentir de todos los que aman el Festival: \u00abQue el Festival siempre haga. Que no se deje de hacer, porque el Festival debe hacerse\u00bb.<\/p>\n\n\n\n<p>Del evento particip\u00f3 la secretaria de Cultura y Educaci\u00f3n del municipio, Mariela Dachary, quien agradeci\u00f3 a los presentes y destac\u00f3 el clima de interacci\u00f3n que se gener\u00f3 en el Simposio. La funcionaria estuvo acompa\u00f1ada por el director de Cultura, Mat\u00edas Klein; la Coordinadora General de la Agencia Universitaria, Mariana Andrujovich; entre otros funcionarios y trabajadores del Palacio del Mate.<\/p>\n","protected":false},"excerpt":{"rendered":"<p>El tradicional encuentro cont&oacute; con una gran participaci&oacute;n de m&uacute;sicos, artistas y ex protagonistas del Festival, quienes sumaron sus memorias a las ponencias. El simposio se centr&oacute; en la investigaci&oacute;n,&hellip; <\/p>\n","protected":false},"author":3,"featured_media":38049,"comment_status":"closed","ping_status":"closed","sticky":false,"template":"","format":"standard","meta":{"_monsterinsights_skip_tracking":false,"_monsterinsights_sitenote_active":false,"_monsterinsights_sitenote_note":"","_monsterinsights_sitenote_category":0},"categories":[3],"tags":[22],"aioseo_notices":[],"_links":{"self":[{"href":"https:\/\/radionewsmisiones.ar\/site\/wp-json\/wp\/v2\/posts\/38047"}],"collection":[{"href":"https:\/\/radionewsmisiones.ar\/site\/wp-json\/wp\/v2\/posts"}],"about":[{"href":"https:\/\/radionewsmisiones.ar\/site\/wp-json\/wp\/v2\/types\/post"}],"author":[{"embeddable":true,"href":"https:\/\/radionewsmisiones.ar\/site\/wp-json\/wp\/v2\/users\/3"}],"replies":[{"embeddable":true,"href":"https:\/\/radionewsmisiones.ar\/site\/wp-json\/wp\/v2\/comments?post=38047"}],"version-history":[{"count":1,"href":"https:\/\/radionewsmisiones.ar\/site\/wp-json\/wp\/v2\/posts\/38047\/revisions"}],"predecessor-version":[{"id":38050,"href":"https:\/\/radionewsmisiones.ar\/site\/wp-json\/wp\/v2\/posts\/38047\/revisions\/38050"}],"wp:featuredmedia":[{"embeddable":true,"href":"https:\/\/radionewsmisiones.ar\/site\/wp-json\/wp\/v2\/media\/38049"}],"wp:attachment":[{"href":"https:\/\/radionewsmisiones.ar\/site\/wp-json\/wp\/v2\/media?parent=38047"}],"wp:term":[{"taxonomy":"category","embeddable":true,"href":"https:\/\/radionewsmisiones.ar\/site\/wp-json\/wp\/v2\/categories?post=38047"},{"taxonomy":"post_tag","embeddable":true,"href":"https:\/\/radionewsmisiones.ar\/site\/wp-json\/wp\/v2\/tags?post=38047"}],"curies":[{"name":"wp","href":"https:\/\/api.w.org\/{rel}","templated":true}]}}