{"id":38799,"date":"2026-03-04T19:25:52","date_gmt":"2026-03-04T22:25:52","guid":{"rendered":"https:\/\/radionewsmisiones.ar\/site\/?p=38799"},"modified":"2026-03-04T19:25:55","modified_gmt":"2026-03-04T22:25:55","slug":"soledad-balan-reafirmo-el-rol-del-eprac-en-defensa-de-los-usuarios","status":"publish","type":"post","link":"https:\/\/radionewsmisiones.ar\/site\/provinciales\/soledad-balan-reafirmo-el-rol-del-eprac-en-defensa-de-los-usuarios\/","title":{"rendered":"Soledad B\u00e1lan reafirm\u00f3 el rol del EPRAC en defensa de los usuarios"},"content":{"rendered":"\n<p>La presidenta del EPRAC, Soledad B\u00e1lan, se refiri\u00f3 a los reclamos presentados por vecinos contra SAMSA por presunta sobrefacturaci\u00f3n y detall\u00f3 las herramientas que el organismo ofrece para asistir a los usuarios. Record\u00f3 que quienes no puedan pagar la boleta no deben esperar al corte del servicio \u2014cuya reconexi\u00f3n ronda los 200 mil pesos\u2014 sino acercarse al ente para gestionar planes de pago y reestructuraci\u00f3n de deuda. \u201cSomos la polic\u00eda de SAMSA\u201d, afirm\u00f3, al remarcar que la funci\u00f3n del EPRAC es controlar a la empresa y defender a los usuarios, en una entrevista brindada a Loop Stream.<\/p>\n\n\n\n<figure class=\"wp-block-image size-full\"><img loading=\"lazy\" width=\"992\" height=\"661\" src=\"https:\/\/radionewsmisiones.ar\/site\/wp-content\/uploads\/2026\/03\/SAMSA.webp\" alt=\"\" class=\"wp-image-38800\" srcset=\"https:\/\/radionewsmisiones.ar\/site\/wp-content\/uploads\/2026\/03\/SAMSA.webp 992w, https:\/\/radionewsmisiones.ar\/site\/wp-content\/uploads\/2026\/03\/SAMSA-300x200.webp 300w, https:\/\/radionewsmisiones.ar\/site\/wp-content\/uploads\/2026\/03\/SAMSA-768x512.webp 768w\" sizes=\"(max-width: 992px) 100vw, 992px\" \/><figcaption>FOTO: Sede de SAMSA<\/figcaption><\/figure>\n\n\n\n<p>El principal cuestionamiento apunta al esquema de cobro por un consumo m\u00ednimo de 15 metros c\u00fabicos mensuales, volumen que \u2014seg\u00fan sostienen los vecinos\u2014 muchas familias no alcanzan. B\u00e1lan explic\u00f3 que ese piso est\u00e1 establecido por ley y que, cuando el consumo es inferior, igualmente se abona la categor\u00eda m\u00ednima. Adem\u00e1s, aclar\u00f3 que cuando se superan los 15 metros c\u00fabicos el valor por metro c\u00fabico aumenta, por lo que recomend\u00f3 prestar atenci\u00f3n al cuadro de consumo m\u00e1s que al monto total de la factura.<br>La titular del EPRAC se\u00f1al\u00f3 que el m\u00ednimo de 15 metros c\u00fabicos fue fijado en la ley provincial de concesi\u00f3n sancionada en 1999, normativa que tiene una vigencia de 30 a\u00f1os. Si bien indic\u00f3 que debe respetarse el marco legal actual, manifest\u00f3 su disconformidad con dicha ley y reconoci\u00f3 que contempla intereses por mora que pueden perjudicar a usuarios en situaci\u00f3n de atraso.<br>En relaci\u00f3n a la tarifa, asegur\u00f3 que la boleta se mantuvo congelada durante este a\u00f1o y que no hubo aumentos. Tambi\u00e9n explic\u00f3 que, seg\u00fan el esquema vigente, una eventual reducci\u00f3n del m\u00ednimo a 7 metros c\u00fabicos podr\u00eda implicar que cerca del 70% de las familias termine pagando m\u00e1s por el excedente, ya que el sistema \u2014seg\u00fan sostuvo\u2014 busca incentivar el consumo eficiente.<br>Asimismo, indic\u00f3 que desde el a\u00f1o pasado la Entidad Binacional Yacyret\u00e1 (EBY) retir\u00f3 el subsidio destinado a familias relocalizadas por decisi\u00f3n de lineamientos nacionales. Finalmente, destac\u00f3 que la Provincia mantiene un esquema de subsidios que actualmente alcanza a m\u00e1s de 3 mil usuarios, aunque admiti\u00f3 que la asistencia no logra cubrir a todos los hogares que la necesitan, e invit\u00f3 a los vecinos a acercarse al organismo ante cualquier duda o reclamo.<\/p>\n\n\n\n<p><\/p>\n","protected":false},"excerpt":{"rendered":"<p>La presidenta del EPRAC, Soledad B&aacute;lan, se refiri&oacute; a los reclamos presentados por vecinos contra SAMSA por presunta sobrefacturaci&oacute;n y detall&oacute; las herramientas que el organismo ofrece para asistir a&hellip; <\/p>\n","protected":false},"author":4,"featured_media":38800,"comment_status":"closed","ping_status":"closed","sticky":false,"template":"","format":"standard","meta":{"_monsterinsights_skip_tracking":false,"_monsterinsights_sitenote_active":false,"_monsterinsights_sitenote_note":"","_monsterinsights_sitenote_category":0},"categories":[3],"tags":[],"aioseo_notices":[],"_links":{"self":[{"href":"https:\/\/radionewsmisiones.ar\/site\/wp-json\/wp\/v2\/posts\/38799"}],"collection":[{"href":"https:\/\/radionewsmisiones.ar\/site\/wp-json\/wp\/v2\/posts"}],"about":[{"href":"https:\/\/radionewsmisiones.ar\/site\/wp-json\/wp\/v2\/types\/post"}],"author":[{"embeddable":true,"href":"https:\/\/radionewsmisiones.ar\/site\/wp-json\/wp\/v2\/users\/4"}],"replies":[{"embeddable":true,"href":"https:\/\/radionewsmisiones.ar\/site\/wp-json\/wp\/v2\/comments?post=38799"}],"version-history":[{"count":1,"href":"https:\/\/radionewsmisiones.ar\/site\/wp-json\/wp\/v2\/posts\/38799\/revisions"}],"predecessor-version":[{"id":38801,"href":"https:\/\/radionewsmisiones.ar\/site\/wp-json\/wp\/v2\/posts\/38799\/revisions\/38801"}],"wp:featuredmedia":[{"embeddable":true,"href":"https:\/\/radionewsmisiones.ar\/site\/wp-json\/wp\/v2\/media\/38800"}],"wp:attachment":[{"href":"https:\/\/radionewsmisiones.ar\/site\/wp-json\/wp\/v2\/media?parent=38799"}],"wp:term":[{"taxonomy":"category","embeddable":true,"href":"https:\/\/radionewsmisiones.ar\/site\/wp-json\/wp\/v2\/categories?post=38799"},{"taxonomy":"post_tag","embeddable":true,"href":"https:\/\/radionewsmisiones.ar\/site\/wp-json\/wp\/v2\/tags?post=38799"}],"curies":[{"name":"wp","href":"https:\/\/api.w.org\/{rel}","templated":true}]}}